{"id":467,"date":"2025-09-25T16:34:58","date_gmt":"2025-09-25T15:34:58","guid":{"rendered":"https:\/\/ps-romanel.ch\/?p=467"},"modified":"2026-01-16T16:01:28","modified_gmt":"2026-01-16T15:01:28","slug":"prochaine-seance-12-mai-a-20h","status":"publish","type":"post","link":"https:\/\/ps-romanel.ch\/index.php\/2025\/09\/25\/prochaine-seance-12-mai-a-20h\/","title":{"rendered":"Notre prochaine s\u00e9ance"},"content":{"rendered":"\n<p>Les s\u00e9ances de pr\u00e9paration du conseil communal se d\u00e9roulent \u00e0&nbsp;<a rel=\"noreferrer noopener\" href=\"https:\/\/goo.gl\/maps\/ZaNEE8gZj3fV3ZLG8\" target=\"_blank\">la Villageoise, chemin du Village 14<\/a>, dans la salle du bas \u00e0 droite en entrant. Vous \u00eates tous les bienvenus!<\/p>\n\n\n\n<p>Nous allons parler des pr\u00e9avis qui seront pr\u00e9sent\u00e9s au prochain conseil, de l&rsquo;organisation d&rsquo;\u00e9v\u00e9nements, d&rsquo;activit\u00e9s de recrutement, entre autres.<\/p>\n\n\n\n<p>Si vous avez des souhaits ou des id\u00e9es pour le village, vous \u00eates bienvenus. Il y aura m\u00eame des boissons et probablement des chips!<\/p>\n\n\n\n<p><\/p>\n","protected":false},"excerpt":{"rendered":"<p>S\u00e9ance de pr\u00e9paration le mardi 24 f\u00e9vrier<br \/>\n2026 \u00e0 20h<br \/>\nLa Villageoise, chemin du Village 14.<\/p>\n","protected":false},"author":3,"featured_media":704,"comment_status":"open","ping_status":"open","sticky":false,"template":"","format":"standard","meta":{"footnotes":""},"categories":[1],"tags":[],"class_list":["post-467","post","type-post","status-publish","format-standard","has-post-thumbnail","hentry","category-non-classe"],"yoast_head":"<!-- This site is optimized with the Yoast SEO plugin v18.7 - https:\/\/yoast.com\/wordpress\/plugins\/seo\/ -->\n<title>Notre prochaine s\u00e9ance - Parti Socialiste de Romanel-sur-Lausanne et Cheseaux-sur-Lausanne<\/title>\n<meta name=\"robots\" content=\"index, follow, max-snippet:-1, max-image-preview:large, max-video-preview:-1\" \/>\n<link rel=\"canonical\" href=\"https:\/\/ps-romanel.ch\/index.php\/2025\/09\/25\/prochaine-seance-12-mai-a-20h\/\" \/>\n<meta property=\"og:locale\" content=\"fr_FR\" \/>\n<meta property=\"og:type\" content=\"article\" \/>\n<meta property=\"og:title\" content=\"Notre prochaine s\u00e9ance - Parti Socialiste de Romanel-sur-Lausanne et Cheseaux-sur-Lausanne\" \/>\n<meta property=\"og:description\" content=\"S\u00e9ance de pr\u00e9paration le mardi 24 f\u00e9vrier 2026 \u00e0 20h La Villageoise, chemin du Village 14.\" \/>\n<meta property=\"og:url\" content=\"https:\/\/ps-romanel.ch\/index.php\/2025\/09\/25\/prochaine-seance-12-mai-a-20h\/\" \/>\n<meta property=\"og:site_name\" content=\"Parti Socialiste de Romanel-sur-Lausanne et Cheseaux-sur-Lausanne\" \/>\n<meta property=\"article:published_time\" content=\"2025-09-25T15:34:58+00:00\" \/>\n<meta property=\"article:modified_time\" content=\"2026-01-16T15:01:28+00:00\" \/>\n<meta property=\"og:image\" content=\"http:\/\/ps-romanel.ch\/wp-content\/uploads\/2024\/11\/ps-logo-cube-web.png\" \/>\n\t<meta property=\"og:image:width\" content=\"500\" \/>\n\t<meta property=\"og:image:height\" content=\"530\" \/>\n\t<meta property=\"og:image:type\" content=\"image\/png\" \/>\n<meta name=\"twitter:card\" content=\"summary_large_image\" \/>\n<meta name=\"twitter:label1\" content=\"\u00c9crit par\" \/>\n\t<meta name=\"twitter:data1\" content=\"PSRomanel\" \/>\n\t<meta name=\"twitter:label2\" content=\"Dur\u00e9e de lecture estim\u00e9e\" \/>\n\t<meta name=\"twitter:data2\" content=\"1 minute\" \/>\n<script type=\"application\/ld+json\" class=\"yoast-schema-graph\">{\"@context\":\"https:\/\/schema.org\",\"@graph\":[{\"@type\":\"WebSite\",\"@id\":\"https:\/\/ps-romanel.ch\/#website\",\"url\":\"https:\/\/ps-romanel.ch\/\",\"name\":\"Parti Socialiste de Romanel-sur-Lausanne et Cheseaux-sur-Lausanne\",\"description\":\"SOLIDAIRE, PROGRESSISTE ET DURABLE\",\"potentialAction\":[{\"@type\":\"SearchAction\",\"target\":{\"@type\":\"EntryPoint\",\"urlTemplate\":\"https:\/\/ps-romanel.ch\/?s={search_term_string}\"},\"query-input\":\"required name=search_term_string\"}],\"inLanguage\":\"fr-FR\"},{\"@type\":\"ImageObject\",\"inLanguage\":\"fr-FR\",\"@id\":\"https:\/\/ps-romanel.ch\/index.php\/2025\/09\/25\/prochaine-seance-12-mai-a-20h\/#primaryimage\",\"url\":\"https:\/\/ps-romanel.ch\/wp-content\/uploads\/2024\/11\/ps-logo-cube-web.png\",\"contentUrl\":\"https:\/\/ps-romanel.ch\/wp-content\/uploads\/2024\/11\/ps-logo-cube-web.png\",\"width\":500,\"height\":530,\"caption\":\"Logo du PS\"},{\"@type\":\"WebPage\",\"@id\":\"https:\/\/ps-romanel.ch\/index.php\/2025\/09\/25\/prochaine-seance-12-mai-a-20h\/#webpage\",\"url\":\"https:\/\/ps-romanel.ch\/index.php\/2025\/09\/25\/prochaine-seance-12-mai-a-20h\/\",\"name\":\"Notre prochaine s\u00e9ance - Parti Socialiste de Romanel-sur-Lausanne et Cheseaux-sur-Lausanne\",\"isPartOf\":{\"@id\":\"https:\/\/ps-romanel.ch\/#website\"},\"primaryImageOfPage\":{\"@id\":\"https:\/\/ps-romanel.ch\/index.php\/2025\/09\/25\/prochaine-seance-12-mai-a-20h\/#primaryimage\"},\"datePublished\":\"2025-09-25T15:34:58+00:00\",\"dateModified\":\"2026-01-16T15:01:28+00:00\",\"author\":{\"@id\":\"https:\/\/ps-romanel.ch\/#\/schema\/person\/800d3c2d51cc07e55b52788709999b53\"},\"breadcrumb\":{\"@id\":\"https:\/\/ps-romanel.ch\/index.php\/2025\/09\/25\/prochaine-seance-12-mai-a-20h\/#breadcrumb\"},\"inLanguage\":\"fr-FR\",\"potentialAction\":[{\"@type\":\"ReadAction\",\"target\":[\"https:\/\/ps-romanel.ch\/index.php\/2025\/09\/25\/prochaine-seance-12-mai-a-20h\/\"]}]},{\"@type\":\"BreadcrumbList\",\"@id\":\"https:\/\/ps-romanel.ch\/index.php\/2025\/09\/25\/prochaine-seance-12-mai-a-20h\/#breadcrumb\",\"itemListElement\":[{\"@type\":\"ListItem\",\"position\":1,\"name\":\"Accueil\",\"item\":\"https:\/\/ps-romanel.ch\/\"},{\"@type\":\"ListItem\",\"position\":2,\"name\":\"Notre prochaine s\u00e9ance\"}]},{\"@type\":\"Person\",\"@id\":\"https:\/\/ps-romanel.ch\/#\/schema\/person\/800d3c2d51cc07e55b52788709999b53\",\"name\":\"PSRomanel\",\"url\":\"https:\/\/ps-romanel.ch\/index.php\/author\/psromanel\/\"}]}<\/script>\n<!-- \/ Yoast SEO plugin. -->","yoast_head_json":{"title":"Notre prochaine s\u00e9ance - Parti Socialiste de Romanel-sur-Lausanne et Cheseaux-sur-Lausanne","robots":{"index":"index","follow":"follow","max-snippet":"max-snippet:-1","max-image-preview":"max-image-preview:large","max-video-preview":"max-video-preview:-1"},"canonical":"https:\/\/ps-romanel.ch\/index.php\/2025\/09\/25\/prochaine-seance-12-mai-a-20h\/","og_locale":"fr_FR","og_type":"article","og_title":"Notre prochaine s\u00e9ance - Parti Socialiste de Romanel-sur-Lausanne et Cheseaux-sur-Lausanne","og_description":"S\u00e9ance de pr\u00e9paration le mardi 24 f\u00e9vrier 2026 \u00e0 20h La Villageoise, chemin du Village 14.","og_url":"https:\/\/ps-romanel.ch\/index.php\/2025\/09\/25\/prochaine-seance-12-mai-a-20h\/","og_site_name":"Parti Socialiste de Romanel-sur-Lausanne et Cheseaux-sur-Lausanne","article_published_time":"2025-09-25T15:34:58+00:00","article_modified_time":"2026-01-16T15:01:28+00:00","og_image":[{"width":500,"height":530,"url":"http:\/\/ps-romanel.ch\/wp-content\/uploads\/2024\/11\/ps-logo-cube-web.png","type":"image\/png"}],"twitter_card":"summary_large_image","twitter_misc":{"\u00c9crit par":"PSRomanel","Dur\u00e9e de lecture estim\u00e9e":"1 minute"},"schema":{"@context":"https:\/\/schema.org","@graph":[{"@type":"WebSite","@id":"https:\/\/ps-romanel.ch\/#website","url":"https:\/\/ps-romanel.ch\/","name":"Parti Socialiste de Romanel-sur-Lausanne et Cheseaux-sur-Lausanne","description":"SOLIDAIRE, PROGRESSISTE ET DURABLE","potentialAction":[{"@type":"SearchAction","target":{"@type":"EntryPoint","urlTemplate":"https:\/\/ps-romanel.ch\/?s={search_term_string}"},"query-input":"required name=search_term_string"}],"inLanguage":"fr-FR"},{"@type":"ImageObject","inLanguage":"fr-FR","@id":"https:\/\/ps-romanel.ch\/index.php\/2025\/09\/25\/prochaine-seance-12-mai-a-20h\/#primaryimage","url":"https:\/\/ps-romanel.ch\/wp-content\/uploads\/2024\/11\/ps-logo-cube-web.png","contentUrl":"https:\/\/ps-romanel.ch\/wp-content\/uploads\/2024\/11\/ps-logo-cube-web.png","width":500,"height":530,"caption":"Logo du PS"},{"@type":"WebPage","@id":"https:\/\/ps-romanel.ch\/index.php\/2025\/09\/25\/prochaine-seance-12-mai-a-20h\/#webpage","url":"https:\/\/ps-romanel.ch\/index.php\/2025\/09\/25\/prochaine-seance-12-mai-a-20h\/","name":"Notre prochaine s\u00e9ance - Parti Socialiste de Romanel-sur-Lausanne et Cheseaux-sur-Lausanne","isPartOf":{"@id":"https:\/\/ps-romanel.ch\/#website"},"primaryImageOfPage":{"@id":"https:\/\/ps-romanel.ch\/index.php\/2025\/09\/25\/prochaine-seance-12-mai-a-20h\/#primaryimage"},"datePublished":"2025-09-25T15:34:58+00:00","dateModified":"2026-01-16T15:01:28+00:00","author":{"@id":"https:\/\/ps-romanel.ch\/#\/schema\/person\/800d3c2d51cc07e55b52788709999b53"},"breadcrumb":{"@id":"https:\/\/ps-romanel.ch\/index.php\/2025\/09\/25\/prochaine-seance-12-mai-a-20h\/#breadcrumb"},"inLanguage":"fr-FR","potentialAction":[{"@type":"ReadAction","target":["https:\/\/ps-romanel.ch\/index.php\/2025\/09\/25\/prochaine-seance-12-mai-a-20h\/"]}]},{"@type":"BreadcrumbList","@id":"https:\/\/ps-romanel.ch\/index.php\/2025\/09\/25\/prochaine-seance-12-mai-a-20h\/#breadcrumb","itemListElement":[{"@type":"ListItem","position":1,"name":"Accueil","item":"https:\/\/ps-romanel.ch\/"},{"@type":"ListItem","position":2,"name":"Notre prochaine s\u00e9ance"}]},{"@type":"Person","@id":"https:\/\/ps-romanel.ch\/#\/schema\/person\/800d3c2d51cc07e55b52788709999b53","name":"PSRomanel","url":"https:\/\/ps-romanel.ch\/index.php\/author\/psromanel\/"}]}},"_links":{"self":[{"href":"https:\/\/ps-romanel.ch\/index.php\/wp-json\/wp\/v2\/posts\/467","targetHints":{"allow":["GET"]}}],"collection":[{"href":"https:\/\/ps-romanel.ch\/index.php\/wp-json\/wp\/v2\/posts"}],"about":[{"href":"https:\/\/ps-romanel.ch\/index.php\/wp-json\/wp\/v2\/types\/post"}],"author":[{"embeddable":true,"href":"https:\/\/ps-romanel.ch\/index.php\/wp-json\/wp\/v2\/users\/3"}],"replies":[{"embeddable":true,"href":"https:\/\/ps-romanel.ch\/index.php\/wp-json\/wp\/v2\/comments?post=467"}],"version-history":[{"count":28,"href":"https:\/\/ps-romanel.ch\/index.php\/wp-json\/wp\/v2\/posts\/467\/revisions"}],"predecessor-version":[{"id":743,"href":"https:\/\/ps-romanel.ch\/index.php\/wp-json\/wp\/v2\/posts\/467\/revisions\/743"}],"wp:featuredmedia":[{"embeddable":true,"href":"https:\/\/ps-romanel.ch\/index.php\/wp-json\/wp\/v2\/media\/704"}],"wp:attachment":[{"href":"https:\/\/ps-romanel.ch\/index.php\/wp-json\/wp\/v2\/media?parent=467"}],"wp:term":[{"taxonomy":"category","embeddable":true,"href":"https:\/\/ps-romanel.ch\/index.php\/wp-json\/wp\/v2\/categories?post=467"},{"taxonomy":"post_tag","embeddable":true,"href":"https:\/\/ps-romanel.ch\/index.php\/wp-json\/wp\/v2\/tags?post=467"}],"curies":[{"name":"wp","href":"https:\/\/api.w.org\/{rel}","templated":true}]}}