{"id":493,"date":"2022-09-12T10:40:03","date_gmt":"2022-09-12T09:40:03","guid":{"rendered":"https:\/\/ps-romanel.ch\/?p=493"},"modified":"2022-09-12T14:15:01","modified_gmt":"2022-09-12T13:15:01","slug":"opinion-referendum-du-25-septembre-2022-achat-des-parcelles-au-lieu-dit-la-cote","status":"publish","type":"post","link":"https:\/\/ps-romanel.ch\/index.php\/2022\/09\/12\/opinion-referendum-du-25-septembre-2022-achat-des-parcelles-au-lieu-dit-la-cote\/","title":{"rendered":"R\u00e9f\u00e9rendum du 25 septembre"},"content":{"rendered":"\n<p class=\"has-medium-font-size\"><strong>Achat des parcelles au lieu-dit \u00ab\u00a0La C\u00f4te\u00a0\u00bb<\/strong><\/p>\n\n\n\n<p class=\"has-medium-font-size\"><strong>Contexte et d\u00e9cision du Conseil Communal<\/strong><\/p>\n\n\n\n<p>La d\u00e9cision du Conseil qui est combattue par ce r\u00e9f\u00e9rendum concerne l&rsquo;achat de trois parcelles situ\u00e9es en zone d&rsquo;utilit\u00e9 publique (ZUP),  bien situ\u00e9es dans le village, ce qui est une opportunit\u00e9 rare. <\/p>\n\n\n\n<p>La Commission des finances, dont notre camarade J\u00e9r\u00e9mie Daehler et moi faisons partie, a recommand\u00e9 \u00e0 l&rsquo;unanimit\u00e9 l&rsquo;acceptation du pr\u00e9avis en prenant en compte les besoins de notre Commune et les ressources disponibles: <\/p>\n\n\n\n<p>Avons-nous besoin de ce terrain? Effectivement, il nous reste peu de terrain constructible \u00e0 disposition.<\/p>\n\n\n\n<p>Pouvons-nous nous le permettre? Oui, investir 5,4 millions pour du terrain bien situ\u00e9 ne met pas en p\u00e9ril nos finances.<\/p>\n\n\n\n<p>Cependant, les d\u00e9cisions pass\u00e9es, les opportunit\u00e9s manqu\u00e9es, le profil du vendeur et les cons\u00e9quences de l&rsquo;achat ne sont pas \u00e9videntes dans la question pos\u00e9e et opposent diam\u00e9tralement les deux camps engag\u00e9s dans une guerre d&rsquo;arguments largement pr\u00e9sent\u00e9s dans le Romanel-Info, les affiches et les flyers distribu\u00e9s.<\/p>\n\n\n\n<p class=\"has-medium-font-size\"><strong>1. L&#8217;emplacement de l&rsquo;\u00e9cole<\/strong><\/p>\n\n\n\n<p>De notre point de vue, l&rsquo;objectif principal de cet achat, l&rsquo;utilisation du terrain pour y construire un coll\u00e8ge et une salle de gym suppl\u00e9mentaire, est probl\u00e9matique. Malgr\u00e9 la tentative de la Municipalit\u00e9 de s\u00e9parer les deux sujets, achat et utilisation, le texte du pr\u00e9avis est assez explicite, en r\u00e9sum\u00e9:<\/p>\n\n\n\n<p><strong>Accepter l&rsquo;achat = Priorit\u00e9 \u00ab\u00a0La C\u00f4te\u00a0\u00bb<\/strong><\/p>\n\n\n\n<p><strong>Refuser l&rsquo;achat = Priorit\u00e9 Esserpys<\/strong><\/p>\n\n\n\n<p>Accepter l&rsquo;achat, c&rsquo;est implicitement inviter la Municipalit\u00e9 \u00e0 pr\u00e9senter au Conseil un projet de coll\u00e8ge sur ce terrain en priorit\u00e9 en ignorant l&rsquo;autre choix \u00e9vident qu&rsquo;est la partie sud du terrain des Esserpys, \u00e0 notre avis plus adapt\u00e9. Le Conseil pourra refuser ce qui lui sera pr\u00e9sent\u00e9, mais on lui reprochera alors de ralentir ce projet d\u00e9j\u00e0 lourdement report\u00e9.<\/p>\n\n\n\n<p>Nous avons pr\u00e9sent\u00e9 un <a href=\"http:\/\/ps-romanel.ch\/wp-content\/uploads\/2022\/09\/Postulat-Esserpys_24_03_22.pdf\">postulat au Conseil le 24 mars 2022<\/a> pour tenter de convaincre la Municipalit\u00e9 de comparer plus explicitement les deux options et justifier sa pr\u00e9f\u00e9rence pour le terrain propos\u00e9 \u00e0 ce prix imposant au d\u00e9triment du terrain d\u00e9j\u00e0 disponible gratuitement. Nous n&rsquo;avons pas \u00e9t\u00e9 suivi par la majorit\u00e9 du Conseil, mais cela nous a permis de pr\u00e9senter nos arguments, en version courte:<\/p>\n\n\n\n<ol class=\"wp-block-list\" type=\"1\"><li><strong>Emplacement des enfants&nbsp;<\/strong>: deux tiers des enfants n\u00e9s apr\u00e8s 2012 habitent \u00e0 l\u2019ouest du LEB .<\/li><li><strong>S\u00e9curit\u00e9 et distance<\/strong>&nbsp;: traverser la route cantonale pour des enfants de 8-12 ans est dangereux.<\/li><li>Terrain <strong>pr\u00e9vu pour ce type <\/strong>de construction (ZUP) et <strong>d\u00e9j\u00e0 \u00e0 la disposition de la commune<\/strong>.<\/li><li>R\u00e9partition des coll\u00e8ges sur le territoire de la commune (pas toujours les m\u00eames qui marchent).<\/li><\/ol>\n\n\n\n<p><\/p>\n\n\n\n<p class=\"has-medium-font-size\"><strong>2. Prix et n\u00e9gociation avec la fondation Andr\u00e9e Delafontaine<\/strong><\/p>\n\n\n\n<p>Dans une toute autre optique, financi\u00e8re, les deux camps du d\u00e9bat sont d&rsquo;accord sur le fait que le montant est trop \u00e9lev\u00e9 pour ce type de terrain. Le OUI d\u00e9fend que l&rsquo;opportunit\u00e9 et l&rsquo;urgence p\u00e8sent plus lourd que le prix, le NON que c&rsquo;est une honte et qu&rsquo;on ne peut pas l&rsquo;accepter.<\/p>\n\n\n\n<p>On a par contre peu d&rsquo;informations et de d\u00e9bat sur la logique de la fixation du prix et la difficult\u00e9 pour notre Municipalit\u00e9 de n\u00e9gocier \u00e0 notre avantage, la Fondation semblant ferm\u00e9e \u00e0 la discussion.<\/p>\n\n\n\n<p>Ma compr\u00e9hension des chiffres pr\u00e9sent\u00e9s par les participants au d\u00e9bat du 30 ao\u00fbt pass\u00e9 est que ce terrain ne peut absolument pas \u00eatre rentable \u00e0 ce prix pour un investissement priv\u00e9 sans changement d&rsquo;affectation des parcelles. Ce qui veut dire que la commune de Romanel d\u00e9tient les cl\u00e9s de l&rsquo;int\u00e9r\u00eat financier pour le concurrent. Autrement dit, nous tenions le couteau par le manche pendant la n\u00e9gociation. Comment est-il possible que le prix propos\u00e9 soit rest\u00e9 si haut \u00e9tant donn\u00e9 le risque li\u00e9 \u00e0 l&rsquo;incertitude pour l&rsquo;acheteur? Il semble que ces candidats soient convaincus de pouvoir obtenir de la Commune comme du Canton, a qui revient la d\u00e9cision finale, une modification du plan d&rsquo;affectation. O\u00f9 est l&rsquo;erreur?<\/p>\n\n\n\n<p>En parall\u00e8le, la Fondation Andr\u00e9e Delafontaine fait patienter depuis au moins une ann\u00e9e les autres acheteurs potentiels parce qu&rsquo;elle pr\u00e9f\u00e8re, selon ce nous avons entendu, vendre \u00e0 la commune de Romanel en priorit\u00e9.<\/p>\n\n\n\n<p>Mais alors pourquoi ont-ils refus\u00e9 de n\u00e9gocier le prix avant le r\u00e9f\u00e9rendum? S&rsquo;ils souhaitent nous vendre ce terrain, et que la vente d\u00e9pend du r\u00e9sultat du r\u00e9f\u00e9rendum, et qu&rsquo;ils ont moyen de faire pencher le r\u00e9sultat de celui-ci en n\u00e9gociant modestement le prix demand\u00e9, en faisant un geste, pourquoi ne l&rsquo;ont-il pas fait? L&rsquo;explication la plus logique est qu&rsquo;ils veulent vraiment vendre ce terrain \u00e0 ce montant-l\u00e0, et pas moins, \u00e0 notre commune. <\/p>\n\n\n\n<p>Je sp\u00e9cule un peu sur le futur en cas de refus: soit les acqu\u00e9reurs priv\u00e9s se retireront comme par magie, et nous pourrons repartir sur des bases saines pour une n\u00e9gociation \u00e0 un tarif habituel pour une ZUP, soit il confirmera l&rsquo;achat et demandera rapidement un changement d&rsquo;affectation en nous promettant monts et merveilles pour nos revenus fiscaux. <\/p>\n\n\n\n<p>J&rsquo;esp\u00e8re que dans ce cas notre Municipalit\u00e9 aura le courage de refuser d&rsquo;entrer en mati\u00e8re pendant de nombreuses ann\u00e9es, et que si elle devait laisser le Conseil communal prendre une d\u00e9cision sur une telle demande, celui-ci aura la coh\u00e9rence de la refuser sans ambigu\u00eft\u00e9.<\/p>\n\n\n\n<p>Dans ce cas, il serait imaginable qu&rsquo;\u00e0 moyen terme nous puissions racheter ce terrain au m\u00eame prix, voire m\u00eame bien moins cher si la vente devait \u00eatre n\u00e9cessaire ou urgente pour l&rsquo;acqu\u00e9reur.<\/p>\n\n\n\n<p><strong>Conclusion<\/strong><\/p>\n\n\n\n<ul class=\"wp-block-list\"><li>Parce que nous croyons que le terrain des <strong>Esserpys est mieux adapt\u00e9<\/strong> \u00e0 la construction du coll\u00e8ge,<\/li><li>parce que nous avons <strong>besoin de cet argent<\/strong> pour des investissements plus urgents et n\u00e9cessaires,<\/li><li>parce que nous croyons que le <strong>prix <\/strong>n\u00e9goci\u00e9 n&rsquo;est <strong>pas \u00e9quitable<\/strong>,<\/li><li>parce que nous pensons qu&rsquo;il y a de bonnes chances que l<strong>&lsquo;acheteur se retire ou qu&rsquo;il revende<\/strong> ces parcelles si nous refusons une r\u00e9affectation,<\/li><\/ul>\n\n\n\n<p>\u00e0 sa majorit\u00e9, le Parti Socialiste de Romanel-sur-Lausanne <strong>recommande le NON<\/strong> \u00e0 l&rsquo;achat des parcelles au lieu-dit \u00ab\u00a0La C\u00f4te\u00a0\u00bb.<\/p>\n\n\n\n<p><\/p>\n\n\n\n<p>Simon Schul\u00e9<\/p>\n\n\n\n<p>Pr\u00e9sident du PS de Romanel-sur-Lausanne<\/p>\n","protected":false},"excerpt":{"rendered":"<p>Achat des parcelles au lieu-dit \u00ab\u00a0La C\u00f4te\u00a0\u00bb<\/p>\n","protected":false},"author":3,"featured_media":11,"comment_status":"open","ping_status":"open","sticky":false,"template":"","format":"standard","meta":{"footnotes":""},"categories":[1],"tags":[],"class_list":["post-493","post","type-post","status-publish","format-standard","has-post-thumbnail","hentry","category-non-classe"],"yoast_head":"<!-- This site is optimized with the Yoast SEO plugin v18.7 - https:\/\/yoast.com\/wordpress\/plugins\/seo\/ -->\n<title>R\u00e9f\u00e9rendum du 25 septembre - Parti Socialiste de Romanel-sur-Lausanne et Cheseaux-sur-Lausanne<\/title>\n<meta name=\"robots\" content=\"index, follow, max-snippet:-1, max-image-preview:large, max-video-preview:-1\" \/>\n<link rel=\"canonical\" href=\"https:\/\/ps-romanel.ch\/index.php\/2022\/09\/12\/opinion-referendum-du-25-septembre-2022-achat-des-parcelles-au-lieu-dit-la-cote\/\" \/>\n<meta property=\"og:locale\" content=\"fr_FR\" \/>\n<meta property=\"og:type\" content=\"article\" \/>\n<meta property=\"og:title\" content=\"R\u00e9f\u00e9rendum du 25 septembre - Parti Socialiste de Romanel-sur-Lausanne et Cheseaux-sur-Lausanne\" \/>\n<meta property=\"og:description\" content=\"Achat des parcelles au lieu-dit &quot;La C\u00f4te&quot;\" \/>\n<meta property=\"og:url\" content=\"https:\/\/ps-romanel.ch\/index.php\/2022\/09\/12\/opinion-referendum-du-25-septembre-2022-achat-des-parcelles-au-lieu-dit-la-cote\/\" \/>\n<meta property=\"og:site_name\" content=\"Parti Socialiste de Romanel-sur-Lausanne et Cheseaux-sur-Lausanne\" \/>\n<meta property=\"article:published_time\" content=\"2022-09-12T09:40:03+00:00\" \/>\n<meta property=\"article:modified_time\" content=\"2022-09-12T13:15:01+00:00\" \/>\n<meta property=\"og:image\" content=\"http:\/\/ps-romanel.ch\/wp-content\/uploads\/2016\/01\/logement-2.png\" \/>\n\t<meta property=\"og:image:width\" content=\"51\" \/>\n\t<meta property=\"og:image:height\" content=\"54\" \/>\n\t<meta property=\"og:image:type\" content=\"image\/png\" \/>\n<meta name=\"twitter:card\" content=\"summary_large_image\" \/>\n<meta name=\"twitter:label1\" content=\"\u00c9crit par\" \/>\n\t<meta name=\"twitter:data1\" content=\"PSRomanel\" \/>\n\t<meta name=\"twitter:label2\" content=\"Dur\u00e9e de lecture estim\u00e9e\" \/>\n\t<meta name=\"twitter:data2\" content=\"5 minutes\" \/>\n<script type=\"application\/ld+json\" class=\"yoast-schema-graph\">{\"@context\":\"https:\/\/schema.org\",\"@graph\":[{\"@type\":\"WebSite\",\"@id\":\"https:\/\/ps-romanel.ch\/#website\",\"url\":\"https:\/\/ps-romanel.ch\/\",\"name\":\"Parti Socialiste de Romanel-sur-Lausanne et Cheseaux-sur-Lausanne\",\"description\":\"SOLIDAIRE, PROGRESSISTE ET DURABLE\",\"potentialAction\":[{\"@type\":\"SearchAction\",\"target\":{\"@type\":\"EntryPoint\",\"urlTemplate\":\"https:\/\/ps-romanel.ch\/?s={search_term_string}\"},\"query-input\":\"required name=search_term_string\"}],\"inLanguage\":\"fr-FR\"},{\"@type\":\"ImageObject\",\"inLanguage\":\"fr-FR\",\"@id\":\"https:\/\/ps-romanel.ch\/index.php\/2022\/09\/12\/opinion-referendum-du-25-septembre-2022-achat-des-parcelles-au-lieu-dit-la-cote\/#primaryimage\",\"url\":\"https:\/\/ps-romanel.ch\/wp-content\/uploads\/2016\/01\/logement-2.png\",\"contentUrl\":\"https:\/\/ps-romanel.ch\/wp-content\/uploads\/2016\/01\/logement-2.png\",\"width\":51,\"height\":54},{\"@type\":\"WebPage\",\"@id\":\"https:\/\/ps-romanel.ch\/index.php\/2022\/09\/12\/opinion-referendum-du-25-septembre-2022-achat-des-parcelles-au-lieu-dit-la-cote\/#webpage\",\"url\":\"https:\/\/ps-romanel.ch\/index.php\/2022\/09\/12\/opinion-referendum-du-25-septembre-2022-achat-des-parcelles-au-lieu-dit-la-cote\/\",\"name\":\"R\u00e9f\u00e9rendum du 25 septembre - Parti Socialiste de Romanel-sur-Lausanne et Cheseaux-sur-Lausanne\",\"isPartOf\":{\"@id\":\"https:\/\/ps-romanel.ch\/#website\"},\"primaryImageOfPage\":{\"@id\":\"https:\/\/ps-romanel.ch\/index.php\/2022\/09\/12\/opinion-referendum-du-25-septembre-2022-achat-des-parcelles-au-lieu-dit-la-cote\/#primaryimage\"},\"datePublished\":\"2022-09-12T09:40:03+00:00\",\"dateModified\":\"2022-09-12T13:15:01+00:00\",\"author\":{\"@id\":\"https:\/\/ps-romanel.ch\/#\/schema\/person\/800d3c2d51cc07e55b52788709999b53\"},\"breadcrumb\":{\"@id\":\"https:\/\/ps-romanel.ch\/index.php\/2022\/09\/12\/opinion-referendum-du-25-septembre-2022-achat-des-parcelles-au-lieu-dit-la-cote\/#breadcrumb\"},\"inLanguage\":\"fr-FR\",\"potentialAction\":[{\"@type\":\"ReadAction\",\"target\":[\"https:\/\/ps-romanel.ch\/index.php\/2022\/09\/12\/opinion-referendum-du-25-septembre-2022-achat-des-parcelles-au-lieu-dit-la-cote\/\"]}]},{\"@type\":\"BreadcrumbList\",\"@id\":\"https:\/\/ps-romanel.ch\/index.php\/2022\/09\/12\/opinion-referendum-du-25-septembre-2022-achat-des-parcelles-au-lieu-dit-la-cote\/#breadcrumb\",\"itemListElement\":[{\"@type\":\"ListItem\",\"position\":1,\"name\":\"Accueil\",\"item\":\"https:\/\/ps-romanel.ch\/\"},{\"@type\":\"ListItem\",\"position\":2,\"name\":\"R\u00e9f\u00e9rendum du 25 septembre\"}]},{\"@type\":\"Person\",\"@id\":\"https:\/\/ps-romanel.ch\/#\/schema\/person\/800d3c2d51cc07e55b52788709999b53\",\"name\":\"PSRomanel\",\"url\":\"https:\/\/ps-romanel.ch\/index.php\/author\/psromanel\/\"}]}<\/script>\n<!-- \/ Yoast SEO plugin. -->","yoast_head_json":{"title":"R\u00e9f\u00e9rendum du 25 septembre - Parti Socialiste de Romanel-sur-Lausanne et Cheseaux-sur-Lausanne","robots":{"index":"index","follow":"follow","max-snippet":"max-snippet:-1","max-image-preview":"max-image-preview:large","max-video-preview":"max-video-preview:-1"},"canonical":"https:\/\/ps-romanel.ch\/index.php\/2022\/09\/12\/opinion-referendum-du-25-septembre-2022-achat-des-parcelles-au-lieu-dit-la-cote\/","og_locale":"fr_FR","og_type":"article","og_title":"R\u00e9f\u00e9rendum du 25 septembre - Parti Socialiste de Romanel-sur-Lausanne et Cheseaux-sur-Lausanne","og_description":"Achat des parcelles au lieu-dit \"La C\u00f4te\"","og_url":"https:\/\/ps-romanel.ch\/index.php\/2022\/09\/12\/opinion-referendum-du-25-septembre-2022-achat-des-parcelles-au-lieu-dit-la-cote\/","og_site_name":"Parti Socialiste de Romanel-sur-Lausanne et Cheseaux-sur-Lausanne","article_published_time":"2022-09-12T09:40:03+00:00","article_modified_time":"2022-09-12T13:15:01+00:00","og_image":[{"width":51,"height":54,"url":"http:\/\/ps-romanel.ch\/wp-content\/uploads\/2016\/01\/logement-2.png","type":"image\/png"}],"twitter_card":"summary_large_image","twitter_misc":{"\u00c9crit par":"PSRomanel","Dur\u00e9e de lecture estim\u00e9e":"5 minutes"},"schema":{"@context":"https:\/\/schema.org","@graph":[{"@type":"WebSite","@id":"https:\/\/ps-romanel.ch\/#website","url":"https:\/\/ps-romanel.ch\/","name":"Parti Socialiste de Romanel-sur-Lausanne et Cheseaux-sur-Lausanne","description":"SOLIDAIRE, PROGRESSISTE ET DURABLE","potentialAction":[{"@type":"SearchAction","target":{"@type":"EntryPoint","urlTemplate":"https:\/\/ps-romanel.ch\/?s={search_term_string}"},"query-input":"required name=search_term_string"}],"inLanguage":"fr-FR"},{"@type":"ImageObject","inLanguage":"fr-FR","@id":"https:\/\/ps-romanel.ch\/index.php\/2022\/09\/12\/opinion-referendum-du-25-septembre-2022-achat-des-parcelles-au-lieu-dit-la-cote\/#primaryimage","url":"https:\/\/ps-romanel.ch\/wp-content\/uploads\/2016\/01\/logement-2.png","contentUrl":"https:\/\/ps-romanel.ch\/wp-content\/uploads\/2016\/01\/logement-2.png","width":51,"height":54},{"@type":"WebPage","@id":"https:\/\/ps-romanel.ch\/index.php\/2022\/09\/12\/opinion-referendum-du-25-septembre-2022-achat-des-parcelles-au-lieu-dit-la-cote\/#webpage","url":"https:\/\/ps-romanel.ch\/index.php\/2022\/09\/12\/opinion-referendum-du-25-septembre-2022-achat-des-parcelles-au-lieu-dit-la-cote\/","name":"R\u00e9f\u00e9rendum du 25 septembre - Parti Socialiste de Romanel-sur-Lausanne et Cheseaux-sur-Lausanne","isPartOf":{"@id":"https:\/\/ps-romanel.ch\/#website"},"primaryImageOfPage":{"@id":"https:\/\/ps-romanel.ch\/index.php\/2022\/09\/12\/opinion-referendum-du-25-septembre-2022-achat-des-parcelles-au-lieu-dit-la-cote\/#primaryimage"},"datePublished":"2022-09-12T09:40:03+00:00","dateModified":"2022-09-12T13:15:01+00:00","author":{"@id":"https:\/\/ps-romanel.ch\/#\/schema\/person\/800d3c2d51cc07e55b52788709999b53"},"breadcrumb":{"@id":"https:\/\/ps-romanel.ch\/index.php\/2022\/09\/12\/opinion-referendum-du-25-septembre-2022-achat-des-parcelles-au-lieu-dit-la-cote\/#breadcrumb"},"inLanguage":"fr-FR","potentialAction":[{"@type":"ReadAction","target":["https:\/\/ps-romanel.ch\/index.php\/2022\/09\/12\/opinion-referendum-du-25-septembre-2022-achat-des-parcelles-au-lieu-dit-la-cote\/"]}]},{"@type":"BreadcrumbList","@id":"https:\/\/ps-romanel.ch\/index.php\/2022\/09\/12\/opinion-referendum-du-25-septembre-2022-achat-des-parcelles-au-lieu-dit-la-cote\/#breadcrumb","itemListElement":[{"@type":"ListItem","position":1,"name":"Accueil","item":"https:\/\/ps-romanel.ch\/"},{"@type":"ListItem","position":2,"name":"R\u00e9f\u00e9rendum du 25 septembre"}]},{"@type":"Person","@id":"https:\/\/ps-romanel.ch\/#\/schema\/person\/800d3c2d51cc07e55b52788709999b53","name":"PSRomanel","url":"https:\/\/ps-romanel.ch\/index.php\/author\/psromanel\/"}]}},"_links":{"self":[{"href":"https:\/\/ps-romanel.ch\/index.php\/wp-json\/wp\/v2\/posts\/493","targetHints":{"allow":["GET"]}}],"collection":[{"href":"https:\/\/ps-romanel.ch\/index.php\/wp-json\/wp\/v2\/posts"}],"about":[{"href":"https:\/\/ps-romanel.ch\/index.php\/wp-json\/wp\/v2\/types\/post"}],"author":[{"embeddable":true,"href":"https:\/\/ps-romanel.ch\/index.php\/wp-json\/wp\/v2\/users\/3"}],"replies":[{"embeddable":true,"href":"https:\/\/ps-romanel.ch\/index.php\/wp-json\/wp\/v2\/comments?post=493"}],"version-history":[{"count":20,"href":"https:\/\/ps-romanel.ch\/index.php\/wp-json\/wp\/v2\/posts\/493\/revisions"}],"predecessor-version":[{"id":516,"href":"https:\/\/ps-romanel.ch\/index.php\/wp-json\/wp\/v2\/posts\/493\/revisions\/516"}],"wp:featuredmedia":[{"embeddable":true,"href":"https:\/\/ps-romanel.ch\/index.php\/wp-json\/wp\/v2\/media\/11"}],"wp:attachment":[{"href":"https:\/\/ps-romanel.ch\/index.php\/wp-json\/wp\/v2\/media?parent=493"}],"wp:term":[{"taxonomy":"category","embeddable":true,"href":"https:\/\/ps-romanel.ch\/index.php\/wp-json\/wp\/v2\/categories?post=493"},{"taxonomy":"post_tag","embeddable":true,"href":"https:\/\/ps-romanel.ch\/index.php\/wp-json\/wp\/v2\/tags?post=493"}],"curies":[{"name":"wp","href":"https:\/\/api.w.org\/{rel}","templated":true}]}}