{"id":556,"date":"2023-07-02T23:33:48","date_gmt":"2023-07-02T22:33:48","guid":{"rendered":"https:\/\/ps-romanel.ch\/?p=556"},"modified":"2023-08-27T23:06:17","modified_gmt":"2023-08-27T22:06:17","slug":"participation-a-festimundo-le-2-septembre-2023","status":"publish","type":"post","link":"https:\/\/ps-romanel.ch\/index.php\/2023\/07\/02\/participation-a-festimundo-le-2-septembre-2023\/","title":{"rendered":"Participation \u00e0 Festi&rsquo;MUNDO 2 septembre!"},"content":{"rendered":"\n<p>Nous participerons fi\u00e8rement au <a href=\"https:\/\/www.fondation-de-vernand.ch\/staff-animation\/festimundo-2023\/\">festival Festi&rsquo;MUNDO<\/a> sur l&rsquo;esplanade de Prazqueron avec un stand culinaire th\u00e9matique \u00ab\u00a0Am\u00e9rique latine\u00a0\u00bb.<\/p>\n\n\n\n<p>Nous le tiendrons en compagnie de la <a href=\"https:\/\/www.lasourceenchantee.ch\/\">Source enChant\u00e9e<\/a>, le choeur mixte de Romanel.<\/p>\n\n\n\n<p>Vous pourrez venir d\u00e9guster nos Chili con et sin Carne ainsi que l&rsquo;\u00e9minc\u00e9 Colombo martiniquais de nos partenaires.<\/p>\n\n\n\n<p>Venez nombreux!<\/p>\n\n\n\n<figure class=\"wp-block-image size-large\"><a href=\"https:\/\/www.fondation-de-vernand.ch\/staff-animation\/festimundo-2023\/\"><img loading=\"lazy\" decoding=\"async\" width=\"1024\" height=\"612\" src=\"https:\/\/ps-romanel.ch\/wp-content\/uploads\/2023\/07\/Logo_FestiMundo_finalLast-1024x612.png\" alt=\"\" class=\"wp-image-557\" srcset=\"https:\/\/ps-romanel.ch\/wp-content\/uploads\/2023\/07\/Logo_FestiMundo_finalLast-1024x612.png 1024w, https:\/\/ps-romanel.ch\/wp-content\/uploads\/2023\/07\/Logo_FestiMundo_finalLast-300x179.png 300w, https:\/\/ps-romanel.ch\/wp-content\/uploads\/2023\/07\/Logo_FestiMundo_finalLast-768x459.png 768w, https:\/\/ps-romanel.ch\/wp-content\/uploads\/2023\/07\/Logo_FestiMundo_finalLast-1536x918.png 1536w, https:\/\/ps-romanel.ch\/wp-content\/uploads\/2023\/07\/Logo_FestiMundo_finalLast-2048x1224.png 2048w\" sizes=\"auto, (max-width: 1024px) 100vw, 1024px\" \/><\/a><\/figure>\n","protected":false},"excerpt":{"rendered":"<p> avec un stand culinaire th\u00e9matique \u00ab\u00a0Am\u00e9rique latine\u00a0\u00bb.<\/p>\n","protected":false},"author":3,"featured_media":578,"comment_status":"open","ping_status":"open","sticky":false,"template":"","format":"standard","meta":{"footnotes":""},"categories":[1],"tags":[],"class_list":["post-556","post","type-post","status-publish","format-standard","has-post-thumbnail","hentry","category-non-classe"],"yoast_head":"<!-- This site is optimized with the Yoast SEO plugin v18.7 - https:\/\/yoast.com\/wordpress\/plugins\/seo\/ -->\n<title>Participation \u00e0 Festi&#039;MUNDO 2 septembre! - Parti Socialiste de Romanel-sur-Lausanne et Cheseaux-sur-Lausanne<\/title>\n<meta name=\"robots\" content=\"index, follow, max-snippet:-1, max-image-preview:large, max-video-preview:-1\" \/>\n<link rel=\"canonical\" href=\"https:\/\/ps-romanel.ch\/index.php\/2023\/07\/02\/participation-a-festimundo-le-2-septembre-2023\/\" \/>\n<meta property=\"og:locale\" content=\"fr_FR\" \/>\n<meta property=\"og:type\" content=\"article\" \/>\n<meta property=\"og:title\" content=\"Participation \u00e0 Festi&#039;MUNDO 2 septembre! - Parti Socialiste de Romanel-sur-Lausanne et Cheseaux-sur-Lausanne\" \/>\n<meta property=\"og:description\" content=\"avec un stand culinaire th\u00e9matique &quot;Am\u00e9rique latine&quot;.\" \/>\n<meta property=\"og:url\" content=\"https:\/\/ps-romanel.ch\/index.php\/2023\/07\/02\/participation-a-festimundo-le-2-septembre-2023\/\" \/>\n<meta property=\"og:site_name\" content=\"Parti Socialiste de Romanel-sur-Lausanne et Cheseaux-sur-Lausanne\" \/>\n<meta property=\"article:published_time\" content=\"2023-07-02T22:33:48+00:00\" \/>\n<meta property=\"article:modified_time\" content=\"2023-08-27T22:06:17+00:00\" \/>\n<meta property=\"og:image\" content=\"http:\/\/ps-romanel.ch\/wp-content\/uploads\/2023\/07\/Logo_Festi-1.png\" \/>\n\t<meta property=\"og:image:width\" content=\"100\" \/>\n\t<meta property=\"og:image:height\" content=\"62\" \/>\n\t<meta property=\"og:image:type\" content=\"image\/png\" \/>\n<meta name=\"twitter:card\" content=\"summary_large_image\" \/>\n<meta name=\"twitter:label1\" content=\"\u00c9crit par\" \/>\n\t<meta name=\"twitter:data1\" content=\"PSRomanel\" \/>\n<script type=\"application\/ld+json\" class=\"yoast-schema-graph\">{\"@context\":\"https:\/\/schema.org\",\"@graph\":[{\"@type\":\"WebSite\",\"@id\":\"https:\/\/ps-romanel.ch\/#website\",\"url\":\"https:\/\/ps-romanel.ch\/\",\"name\":\"Parti Socialiste de Romanel-sur-Lausanne et Cheseaux-sur-Lausanne\",\"description\":\"SOLIDAIRE, PROGRESSISTE ET DURABLE\",\"potentialAction\":[{\"@type\":\"SearchAction\",\"target\":{\"@type\":\"EntryPoint\",\"urlTemplate\":\"https:\/\/ps-romanel.ch\/?s={search_term_string}\"},\"query-input\":\"required name=search_term_string\"}],\"inLanguage\":\"fr-FR\"},{\"@type\":\"ImageObject\",\"inLanguage\":\"fr-FR\",\"@id\":\"https:\/\/ps-romanel.ch\/index.php\/2023\/07\/02\/participation-a-festimundo-le-2-septembre-2023\/#primaryimage\",\"url\":\"https:\/\/ps-romanel.ch\/wp-content\/uploads\/2023\/07\/Logo_Festi-1.png\",\"contentUrl\":\"https:\/\/ps-romanel.ch\/wp-content\/uploads\/2023\/07\/Logo_Festi-1.png\",\"width\":100,\"height\":62},{\"@type\":\"WebPage\",\"@id\":\"https:\/\/ps-romanel.ch\/index.php\/2023\/07\/02\/participation-a-festimundo-le-2-septembre-2023\/#webpage\",\"url\":\"https:\/\/ps-romanel.ch\/index.php\/2023\/07\/02\/participation-a-festimundo-le-2-septembre-2023\/\",\"name\":\"Participation \u00e0 Festi'MUNDO 2 septembre! - Parti Socialiste de Romanel-sur-Lausanne et Cheseaux-sur-Lausanne\",\"isPartOf\":{\"@id\":\"https:\/\/ps-romanel.ch\/#website\"},\"primaryImageOfPage\":{\"@id\":\"https:\/\/ps-romanel.ch\/index.php\/2023\/07\/02\/participation-a-festimundo-le-2-septembre-2023\/#primaryimage\"},\"datePublished\":\"2023-07-02T22:33:48+00:00\",\"dateModified\":\"2023-08-27T22:06:17+00:00\",\"author\":{\"@id\":\"https:\/\/ps-romanel.ch\/#\/schema\/person\/800d3c2d51cc07e55b52788709999b53\"},\"breadcrumb\":{\"@id\":\"https:\/\/ps-romanel.ch\/index.php\/2023\/07\/02\/participation-a-festimundo-le-2-septembre-2023\/#breadcrumb\"},\"inLanguage\":\"fr-FR\",\"potentialAction\":[{\"@type\":\"ReadAction\",\"target\":[\"https:\/\/ps-romanel.ch\/index.php\/2023\/07\/02\/participation-a-festimundo-le-2-septembre-2023\/\"]}]},{\"@type\":\"BreadcrumbList\",\"@id\":\"https:\/\/ps-romanel.ch\/index.php\/2023\/07\/02\/participation-a-festimundo-le-2-septembre-2023\/#breadcrumb\",\"itemListElement\":[{\"@type\":\"ListItem\",\"position\":1,\"name\":\"Accueil\",\"item\":\"https:\/\/ps-romanel.ch\/\"},{\"@type\":\"ListItem\",\"position\":2,\"name\":\"Participation \u00e0 Festi&rsquo;MUNDO 2 septembre!\"}]},{\"@type\":\"Person\",\"@id\":\"https:\/\/ps-romanel.ch\/#\/schema\/person\/800d3c2d51cc07e55b52788709999b53\",\"name\":\"PSRomanel\",\"url\":\"https:\/\/ps-romanel.ch\/index.php\/author\/psromanel\/\"}]}<\/script>\n<!-- \/ Yoast SEO plugin. -->","yoast_head_json":{"title":"Participation \u00e0 Festi'MUNDO 2 septembre! - Parti Socialiste de Romanel-sur-Lausanne et Cheseaux-sur-Lausanne","robots":{"index":"index","follow":"follow","max-snippet":"max-snippet:-1","max-image-preview":"max-image-preview:large","max-video-preview":"max-video-preview:-1"},"canonical":"https:\/\/ps-romanel.ch\/index.php\/2023\/07\/02\/participation-a-festimundo-le-2-septembre-2023\/","og_locale":"fr_FR","og_type":"article","og_title":"Participation \u00e0 Festi'MUNDO 2 septembre! - Parti Socialiste de Romanel-sur-Lausanne et Cheseaux-sur-Lausanne","og_description":"avec un stand culinaire th\u00e9matique \"Am\u00e9rique latine\".","og_url":"https:\/\/ps-romanel.ch\/index.php\/2023\/07\/02\/participation-a-festimundo-le-2-septembre-2023\/","og_site_name":"Parti Socialiste de Romanel-sur-Lausanne et Cheseaux-sur-Lausanne","article_published_time":"2023-07-02T22:33:48+00:00","article_modified_time":"2023-08-27T22:06:17+00:00","og_image":[{"width":100,"height":62,"url":"http:\/\/ps-romanel.ch\/wp-content\/uploads\/2023\/07\/Logo_Festi-1.png","type":"image\/png"}],"twitter_card":"summary_large_image","twitter_misc":{"\u00c9crit par":"PSRomanel"},"schema":{"@context":"https:\/\/schema.org","@graph":[{"@type":"WebSite","@id":"https:\/\/ps-romanel.ch\/#website","url":"https:\/\/ps-romanel.ch\/","name":"Parti Socialiste de Romanel-sur-Lausanne et Cheseaux-sur-Lausanne","description":"SOLIDAIRE, PROGRESSISTE ET DURABLE","potentialAction":[{"@type":"SearchAction","target":{"@type":"EntryPoint","urlTemplate":"https:\/\/ps-romanel.ch\/?s={search_term_string}"},"query-input":"required name=search_term_string"}],"inLanguage":"fr-FR"},{"@type":"ImageObject","inLanguage":"fr-FR","@id":"https:\/\/ps-romanel.ch\/index.php\/2023\/07\/02\/participation-a-festimundo-le-2-septembre-2023\/#primaryimage","url":"https:\/\/ps-romanel.ch\/wp-content\/uploads\/2023\/07\/Logo_Festi-1.png","contentUrl":"https:\/\/ps-romanel.ch\/wp-content\/uploads\/2023\/07\/Logo_Festi-1.png","width":100,"height":62},{"@type":"WebPage","@id":"https:\/\/ps-romanel.ch\/index.php\/2023\/07\/02\/participation-a-festimundo-le-2-septembre-2023\/#webpage","url":"https:\/\/ps-romanel.ch\/index.php\/2023\/07\/02\/participation-a-festimundo-le-2-septembre-2023\/","name":"Participation \u00e0 Festi'MUNDO 2 septembre! - Parti Socialiste de Romanel-sur-Lausanne et Cheseaux-sur-Lausanne","isPartOf":{"@id":"https:\/\/ps-romanel.ch\/#website"},"primaryImageOfPage":{"@id":"https:\/\/ps-romanel.ch\/index.php\/2023\/07\/02\/participation-a-festimundo-le-2-septembre-2023\/#primaryimage"},"datePublished":"2023-07-02T22:33:48+00:00","dateModified":"2023-08-27T22:06:17+00:00","author":{"@id":"https:\/\/ps-romanel.ch\/#\/schema\/person\/800d3c2d51cc07e55b52788709999b53"},"breadcrumb":{"@id":"https:\/\/ps-romanel.ch\/index.php\/2023\/07\/02\/participation-a-festimundo-le-2-septembre-2023\/#breadcrumb"},"inLanguage":"fr-FR","potentialAction":[{"@type":"ReadAction","target":["https:\/\/ps-romanel.ch\/index.php\/2023\/07\/02\/participation-a-festimundo-le-2-septembre-2023\/"]}]},{"@type":"BreadcrumbList","@id":"https:\/\/ps-romanel.ch\/index.php\/2023\/07\/02\/participation-a-festimundo-le-2-septembre-2023\/#breadcrumb","itemListElement":[{"@type":"ListItem","position":1,"name":"Accueil","item":"https:\/\/ps-romanel.ch\/"},{"@type":"ListItem","position":2,"name":"Participation \u00e0 Festi&rsquo;MUNDO 2 septembre!"}]},{"@type":"Person","@id":"https:\/\/ps-romanel.ch\/#\/schema\/person\/800d3c2d51cc07e55b52788709999b53","name":"PSRomanel","url":"https:\/\/ps-romanel.ch\/index.php\/author\/psromanel\/"}]}},"_links":{"self":[{"href":"https:\/\/ps-romanel.ch\/index.php\/wp-json\/wp\/v2\/posts\/556","targetHints":{"allow":["GET"]}}],"collection":[{"href":"https:\/\/ps-romanel.ch\/index.php\/wp-json\/wp\/v2\/posts"}],"about":[{"href":"https:\/\/ps-romanel.ch\/index.php\/wp-json\/wp\/v2\/types\/post"}],"author":[{"embeddable":true,"href":"https:\/\/ps-romanel.ch\/index.php\/wp-json\/wp\/v2\/users\/3"}],"replies":[{"embeddable":true,"href":"https:\/\/ps-romanel.ch\/index.php\/wp-json\/wp\/v2\/comments?post=556"}],"version-history":[{"count":10,"href":"https:\/\/ps-romanel.ch\/index.php\/wp-json\/wp\/v2\/posts\/556\/revisions"}],"predecessor-version":[{"id":586,"href":"https:\/\/ps-romanel.ch\/index.php\/wp-json\/wp\/v2\/posts\/556\/revisions\/586"}],"wp:featuredmedia":[{"embeddable":true,"href":"https:\/\/ps-romanel.ch\/index.php\/wp-json\/wp\/v2\/media\/578"}],"wp:attachment":[{"href":"https:\/\/ps-romanel.ch\/index.php\/wp-json\/wp\/v2\/media?parent=556"}],"wp:term":[{"taxonomy":"category","embeddable":true,"href":"https:\/\/ps-romanel.ch\/index.php\/wp-json\/wp\/v2\/categories?post=556"},{"taxonomy":"post_tag","embeddable":true,"href":"https:\/\/ps-romanel.ch\/index.php\/wp-json\/wp\/v2\/tags?post=556"}],"curies":[{"name":"wp","href":"https:\/\/api.w.org\/{rel}","templated":true}]}}