{"id":631,"date":"2024-06-26T23:51:48","date_gmt":"2024-06-26T22:51:48","guid":{"rendered":"https:\/\/ps-romanel.ch\/?p=631"},"modified":"2024-06-26T23:51:49","modified_gmt":"2024-06-26T22:51:49","slug":"apero-grillades-animation-musicale-a-romanel-plage","status":"publish","type":"post","link":"https:\/\/ps-romanel.ch\/index.php\/2024\/06\/26\/apero-grillades-animation-musicale-a-romanel-plage\/","title":{"rendered":"Ap\u00e9ro-Grillades-animation musicale \u00e0 Romanel-Plage"},"content":{"rendered":"\n<p>Jeudi 4 juillet 2024, Romanel Plage, au parc de Prazqueron de 18h \u00e0 22h. Aur\u00e9lie au Mojitos, Daniel \u00e0 la contrebasse avec ses amis musiciens. Grillades de saucisse et falafel, salades et sauces en accompagnement!<\/p>\n\n\n\n<figure class=\"wp-block-image size-large\"><img loading=\"lazy\" decoding=\"async\" width=\"1414\" height=\"2000\" src=\"https:\/\/ps-romanel.ch\/wp-content\/uploads\/2024\/06\/4-724x1024.png\" alt=\"\" class=\"wp-image-632\" srcset=\"https:\/\/ps-romanel.ch\/wp-content\/uploads\/2024\/06\/4-724x1024.png 724w, https:\/\/ps-romanel.ch\/wp-content\/uploads\/2024\/06\/4-212x300.png 212w, https:\/\/ps-romanel.ch\/wp-content\/uploads\/2024\/06\/4-768x1086.png 768w, https:\/\/ps-romanel.ch\/wp-content\/uploads\/2024\/06\/4-1086x1536.png 1086w, https:\/\/ps-romanel.ch\/wp-content\/uploads\/2024\/06\/4.png 1414w\" sizes=\"auto, (max-width: 1414px) 100vw, 1414px\" \/><\/figure>\n","protected":false},"excerpt":{"rendered":"<p>Soir\u00e9e 4 juillet \u00e0 Romanel-Plage<\/p>\n","protected":false},"author":3,"featured_media":632,"comment_status":"open","ping_status":"open","sticky":false,"template":"","format":"standard","meta":{"footnotes":""},"categories":[1],"tags":[],"class_list":["post-631","post","type-post","status-publish","format-standard","has-post-thumbnail","hentry","category-non-classe"],"yoast_head":"<!-- This site is optimized with the Yoast SEO plugin v18.7 - https:\/\/yoast.com\/wordpress\/plugins\/seo\/ -->\n<title>Ap\u00e9ro-Grillades-animation musicale \u00e0 Romanel-Plage - Parti Socialiste de Romanel-sur-Lausanne et Cheseaux-sur-Lausanne<\/title>\n<meta name=\"robots\" content=\"index, follow, max-snippet:-1, max-image-preview:large, max-video-preview:-1\" \/>\n<link rel=\"canonical\" href=\"https:\/\/ps-romanel.ch\/index.php\/2024\/06\/26\/apero-grillades-animation-musicale-a-romanel-plage\/\" \/>\n<meta property=\"og:locale\" content=\"fr_FR\" \/>\n<meta property=\"og:type\" content=\"article\" \/>\n<meta property=\"og:title\" content=\"Ap\u00e9ro-Grillades-animation musicale \u00e0 Romanel-Plage - Parti Socialiste de Romanel-sur-Lausanne et Cheseaux-sur-Lausanne\" \/>\n<meta property=\"og:description\" content=\"Soir\u00e9e 4 juillet \u00e0 Romanel-Plage\" \/>\n<meta property=\"og:url\" content=\"https:\/\/ps-romanel.ch\/index.php\/2024\/06\/26\/apero-grillades-animation-musicale-a-romanel-plage\/\" \/>\n<meta property=\"og:site_name\" content=\"Parti Socialiste de Romanel-sur-Lausanne et Cheseaux-sur-Lausanne\" \/>\n<meta property=\"article:published_time\" content=\"2024-06-26T22:51:48+00:00\" \/>\n<meta property=\"article:modified_time\" content=\"2024-06-26T22:51:49+00:00\" \/>\n<meta property=\"og:image\" content=\"http:\/\/ps-romanel.ch\/wp-content\/uploads\/2024\/06\/4.png\" \/>\n\t<meta property=\"og:image:width\" content=\"1414\" \/>\n\t<meta property=\"og:image:height\" content=\"2000\" \/>\n\t<meta property=\"og:image:type\" content=\"image\/png\" \/>\n<meta name=\"twitter:card\" content=\"summary_large_image\" \/>\n<meta name=\"twitter:label1\" content=\"\u00c9crit par\" \/>\n\t<meta name=\"twitter:data1\" content=\"PSRomanel\" \/>\n<script type=\"application\/ld+json\" class=\"yoast-schema-graph\">{\"@context\":\"https:\/\/schema.org\",\"@graph\":[{\"@type\":\"WebSite\",\"@id\":\"https:\/\/ps-romanel.ch\/#website\",\"url\":\"https:\/\/ps-romanel.ch\/\",\"name\":\"Parti Socialiste de Romanel-sur-Lausanne et Cheseaux-sur-Lausanne\",\"description\":\"SOLIDAIRE, PROGRESSISTE ET DURABLE\",\"potentialAction\":[{\"@type\":\"SearchAction\",\"target\":{\"@type\":\"EntryPoint\",\"urlTemplate\":\"https:\/\/ps-romanel.ch\/?s={search_term_string}\"},\"query-input\":\"required name=search_term_string\"}],\"inLanguage\":\"fr-FR\"},{\"@type\":\"ImageObject\",\"inLanguage\":\"fr-FR\",\"@id\":\"https:\/\/ps-romanel.ch\/index.php\/2024\/06\/26\/apero-grillades-animation-musicale-a-romanel-plage\/#primaryimage\",\"url\":\"https:\/\/ps-romanel.ch\/wp-content\/uploads\/2024\/06\/4.png\",\"contentUrl\":\"https:\/\/ps-romanel.ch\/wp-content\/uploads\/2024\/06\/4.png\",\"width\":1414,\"height\":2000},{\"@type\":\"WebPage\",\"@id\":\"https:\/\/ps-romanel.ch\/index.php\/2024\/06\/26\/apero-grillades-animation-musicale-a-romanel-plage\/#webpage\",\"url\":\"https:\/\/ps-romanel.ch\/index.php\/2024\/06\/26\/apero-grillades-animation-musicale-a-romanel-plage\/\",\"name\":\"Ap\u00e9ro-Grillades-animation musicale \u00e0 Romanel-Plage - Parti Socialiste de Romanel-sur-Lausanne et Cheseaux-sur-Lausanne\",\"isPartOf\":{\"@id\":\"https:\/\/ps-romanel.ch\/#website\"},\"primaryImageOfPage\":{\"@id\":\"https:\/\/ps-romanel.ch\/index.php\/2024\/06\/26\/apero-grillades-animation-musicale-a-romanel-plage\/#primaryimage\"},\"datePublished\":\"2024-06-26T22:51:48+00:00\",\"dateModified\":\"2024-06-26T22:51:49+00:00\",\"author\":{\"@id\":\"https:\/\/ps-romanel.ch\/#\/schema\/person\/800d3c2d51cc07e55b52788709999b53\"},\"breadcrumb\":{\"@id\":\"https:\/\/ps-romanel.ch\/index.php\/2024\/06\/26\/apero-grillades-animation-musicale-a-romanel-plage\/#breadcrumb\"},\"inLanguage\":\"fr-FR\",\"potentialAction\":[{\"@type\":\"ReadAction\",\"target\":[\"https:\/\/ps-romanel.ch\/index.php\/2024\/06\/26\/apero-grillades-animation-musicale-a-romanel-plage\/\"]}]},{\"@type\":\"BreadcrumbList\",\"@id\":\"https:\/\/ps-romanel.ch\/index.php\/2024\/06\/26\/apero-grillades-animation-musicale-a-romanel-plage\/#breadcrumb\",\"itemListElement\":[{\"@type\":\"ListItem\",\"position\":1,\"name\":\"Accueil\",\"item\":\"https:\/\/ps-romanel.ch\/\"},{\"@type\":\"ListItem\",\"position\":2,\"name\":\"Ap\u00e9ro-Grillades-animation musicale \u00e0 Romanel-Plage\"}]},{\"@type\":\"Person\",\"@id\":\"https:\/\/ps-romanel.ch\/#\/schema\/person\/800d3c2d51cc07e55b52788709999b53\",\"name\":\"PSRomanel\",\"url\":\"https:\/\/ps-romanel.ch\/index.php\/author\/psromanel\/\"}]}<\/script>\n<!-- \/ Yoast SEO plugin. -->","yoast_head_json":{"title":"Ap\u00e9ro-Grillades-animation musicale \u00e0 Romanel-Plage - Parti Socialiste de Romanel-sur-Lausanne et Cheseaux-sur-Lausanne","robots":{"index":"index","follow":"follow","max-snippet":"max-snippet:-1","max-image-preview":"max-image-preview:large","max-video-preview":"max-video-preview:-1"},"canonical":"https:\/\/ps-romanel.ch\/index.php\/2024\/06\/26\/apero-grillades-animation-musicale-a-romanel-plage\/","og_locale":"fr_FR","og_type":"article","og_title":"Ap\u00e9ro-Grillades-animation musicale \u00e0 Romanel-Plage - Parti Socialiste de Romanel-sur-Lausanne et Cheseaux-sur-Lausanne","og_description":"Soir\u00e9e 4 juillet \u00e0 Romanel-Plage","og_url":"https:\/\/ps-romanel.ch\/index.php\/2024\/06\/26\/apero-grillades-animation-musicale-a-romanel-plage\/","og_site_name":"Parti Socialiste de Romanel-sur-Lausanne et Cheseaux-sur-Lausanne","article_published_time":"2024-06-26T22:51:48+00:00","article_modified_time":"2024-06-26T22:51:49+00:00","og_image":[{"width":1414,"height":2000,"url":"http:\/\/ps-romanel.ch\/wp-content\/uploads\/2024\/06\/4.png","type":"image\/png"}],"twitter_card":"summary_large_image","twitter_misc":{"\u00c9crit par":"PSRomanel"},"schema":{"@context":"https:\/\/schema.org","@graph":[{"@type":"WebSite","@id":"https:\/\/ps-romanel.ch\/#website","url":"https:\/\/ps-romanel.ch\/","name":"Parti Socialiste de Romanel-sur-Lausanne et Cheseaux-sur-Lausanne","description":"SOLIDAIRE, PROGRESSISTE ET DURABLE","potentialAction":[{"@type":"SearchAction","target":{"@type":"EntryPoint","urlTemplate":"https:\/\/ps-romanel.ch\/?s={search_term_string}"},"query-input":"required name=search_term_string"}],"inLanguage":"fr-FR"},{"@type":"ImageObject","inLanguage":"fr-FR","@id":"https:\/\/ps-romanel.ch\/index.php\/2024\/06\/26\/apero-grillades-animation-musicale-a-romanel-plage\/#primaryimage","url":"https:\/\/ps-romanel.ch\/wp-content\/uploads\/2024\/06\/4.png","contentUrl":"https:\/\/ps-romanel.ch\/wp-content\/uploads\/2024\/06\/4.png","width":1414,"height":2000},{"@type":"WebPage","@id":"https:\/\/ps-romanel.ch\/index.php\/2024\/06\/26\/apero-grillades-animation-musicale-a-romanel-plage\/#webpage","url":"https:\/\/ps-romanel.ch\/index.php\/2024\/06\/26\/apero-grillades-animation-musicale-a-romanel-plage\/","name":"Ap\u00e9ro-Grillades-animation musicale \u00e0 Romanel-Plage - Parti Socialiste de Romanel-sur-Lausanne et Cheseaux-sur-Lausanne","isPartOf":{"@id":"https:\/\/ps-romanel.ch\/#website"},"primaryImageOfPage":{"@id":"https:\/\/ps-romanel.ch\/index.php\/2024\/06\/26\/apero-grillades-animation-musicale-a-romanel-plage\/#primaryimage"},"datePublished":"2024-06-26T22:51:48+00:00","dateModified":"2024-06-26T22:51:49+00:00","author":{"@id":"https:\/\/ps-romanel.ch\/#\/schema\/person\/800d3c2d51cc07e55b52788709999b53"},"breadcrumb":{"@id":"https:\/\/ps-romanel.ch\/index.php\/2024\/06\/26\/apero-grillades-animation-musicale-a-romanel-plage\/#breadcrumb"},"inLanguage":"fr-FR","potentialAction":[{"@type":"ReadAction","target":["https:\/\/ps-romanel.ch\/index.php\/2024\/06\/26\/apero-grillades-animation-musicale-a-romanel-plage\/"]}]},{"@type":"BreadcrumbList","@id":"https:\/\/ps-romanel.ch\/index.php\/2024\/06\/26\/apero-grillades-animation-musicale-a-romanel-plage\/#breadcrumb","itemListElement":[{"@type":"ListItem","position":1,"name":"Accueil","item":"https:\/\/ps-romanel.ch\/"},{"@type":"ListItem","position":2,"name":"Ap\u00e9ro-Grillades-animation musicale \u00e0 Romanel-Plage"}]},{"@type":"Person","@id":"https:\/\/ps-romanel.ch\/#\/schema\/person\/800d3c2d51cc07e55b52788709999b53","name":"PSRomanel","url":"https:\/\/ps-romanel.ch\/index.php\/author\/psromanel\/"}]}},"_links":{"self":[{"href":"https:\/\/ps-romanel.ch\/index.php\/wp-json\/wp\/v2\/posts\/631","targetHints":{"allow":["GET"]}}],"collection":[{"href":"https:\/\/ps-romanel.ch\/index.php\/wp-json\/wp\/v2\/posts"}],"about":[{"href":"https:\/\/ps-romanel.ch\/index.php\/wp-json\/wp\/v2\/types\/post"}],"author":[{"embeddable":true,"href":"https:\/\/ps-romanel.ch\/index.php\/wp-json\/wp\/v2\/users\/3"}],"replies":[{"embeddable":true,"href":"https:\/\/ps-romanel.ch\/index.php\/wp-json\/wp\/v2\/comments?post=631"}],"version-history":[{"count":1,"href":"https:\/\/ps-romanel.ch\/index.php\/wp-json\/wp\/v2\/posts\/631\/revisions"}],"predecessor-version":[{"id":633,"href":"https:\/\/ps-romanel.ch\/index.php\/wp-json\/wp\/v2\/posts\/631\/revisions\/633"}],"wp:featuredmedia":[{"embeddable":true,"href":"https:\/\/ps-romanel.ch\/index.php\/wp-json\/wp\/v2\/media\/632"}],"wp:attachment":[{"href":"https:\/\/ps-romanel.ch\/index.php\/wp-json\/wp\/v2\/media?parent=631"}],"wp:term":[{"taxonomy":"category","embeddable":true,"href":"https:\/\/ps-romanel.ch\/index.php\/wp-json\/wp\/v2\/categories?post=631"},{"taxonomy":"post_tag","embeddable":true,"href":"https:\/\/ps-romanel.ch\/index.php\/wp-json\/wp\/v2\/tags?post=631"}],"curies":[{"name":"wp","href":"https:\/\/api.w.org\/{rel}","templated":true}]}}