{"id":648,"date":"2024-08-14T16:44:45","date_gmt":"2024-08-14T15:44:45","guid":{"rendered":"https:\/\/ps-romanel.ch\/?p=648"},"modified":"2024-08-14T16:44:45","modified_gmt":"2024-08-14T15:44:45","slug":"samedi-24-aout-concert-et-pizza-avec-les-vert-e-s-du-nord-lausannois","status":"publish","type":"post","link":"https:\/\/ps-romanel.ch\/index.php\/2024\/08\/14\/samedi-24-aout-concert-et-pizza-avec-les-vert-e-s-du-nord-lausannois\/","title":{"rendered":"Samedi 24 ao\u00fbt: Concert et Pizza avec les Vert.e.s du Nord lausannois!"},"content":{"rendered":"\n<figure class=\"wp-block-image size-large\"><img loading=\"lazy\" decoding=\"async\" width=\"1024\" height=\"1024\" src=\"https:\/\/ps-romanel.ch\/wp-content\/uploads\/2024\/08\/24_08-1024x1024.jpg\" alt=\"\" class=\"wp-image-649\" srcset=\"https:\/\/ps-romanel.ch\/wp-content\/uploads\/2024\/08\/24_08-1024x1024.jpg 1024w, https:\/\/ps-romanel.ch\/wp-content\/uploads\/2024\/08\/24_08-300x300.jpg 300w, https:\/\/ps-romanel.ch\/wp-content\/uploads\/2024\/08\/24_08-150x150.jpg 150w, https:\/\/ps-romanel.ch\/wp-content\/uploads\/2024\/08\/24_08-768x768.jpg 768w, https:\/\/ps-romanel.ch\/wp-content\/uploads\/2024\/08\/24_08-250x250.jpg 250w, https:\/\/ps-romanel.ch\/wp-content\/uploads\/2024\/08\/24_08-174x174.jpg 174w, https:\/\/ps-romanel.ch\/wp-content\/uploads\/2024\/08\/24_08.jpg 1080w\" sizes=\"auto, (max-width: 1024px) 100vw, 1024px\" \/><\/figure>\n","protected":false},"excerpt":{"rendered":"<p>Les Manouches du Lac sur sc\u00e8ne, soir\u00e9e jusqu&rsquo;\u00e0 23h30!<\/p>\n","protected":false},"author":3,"featured_media":649,"comment_status":"open","ping_status":"open","sticky":false,"template":"","format":"standard","meta":{"footnotes":""},"categories":[1],"tags":[],"class_list":["post-648","post","type-post","status-publish","format-standard","has-post-thumbnail","hentry","category-non-classe"],"yoast_head":"<!-- This site is optimized with the Yoast SEO plugin v18.7 - https:\/\/yoast.com\/wordpress\/plugins\/seo\/ -->\n<title>Samedi 24 ao\u00fbt: Concert et Pizza avec les Vert.e.s du Nord lausannois! - Parti Socialiste de Romanel-sur-Lausanne et Cheseaux-sur-Lausanne<\/title>\n<meta name=\"robots\" content=\"index, follow, max-snippet:-1, max-image-preview:large, max-video-preview:-1\" \/>\n<link rel=\"canonical\" href=\"https:\/\/ps-romanel.ch\/index.php\/2024\/08\/14\/samedi-24-aout-concert-et-pizza-avec-les-vert-e-s-du-nord-lausannois\/\" \/>\n<meta property=\"og:locale\" content=\"fr_FR\" \/>\n<meta property=\"og:type\" content=\"article\" \/>\n<meta property=\"og:title\" content=\"Samedi 24 ao\u00fbt: Concert et Pizza avec les Vert.e.s du Nord lausannois! - Parti Socialiste de Romanel-sur-Lausanne et Cheseaux-sur-Lausanne\" \/>\n<meta property=\"og:description\" content=\"Les Manouches du Lac sur sc\u00e8ne, soir\u00e9e jusqu&#039;\u00e0 23h30!\" \/>\n<meta property=\"og:url\" content=\"https:\/\/ps-romanel.ch\/index.php\/2024\/08\/14\/samedi-24-aout-concert-et-pizza-avec-les-vert-e-s-du-nord-lausannois\/\" \/>\n<meta property=\"og:site_name\" content=\"Parti Socialiste de Romanel-sur-Lausanne et Cheseaux-sur-Lausanne\" \/>\n<meta property=\"article:published_time\" content=\"2024-08-14T15:44:45+00:00\" \/>\n<meta property=\"og:image\" content=\"http:\/\/ps-romanel.ch\/wp-content\/uploads\/2024\/08\/24_08.jpg\" \/>\n\t<meta property=\"og:image:width\" content=\"1080\" \/>\n\t<meta property=\"og:image:height\" content=\"1080\" \/>\n\t<meta property=\"og:image:type\" content=\"image\/jpeg\" \/>\n<meta name=\"twitter:card\" content=\"summary_large_image\" \/>\n<meta name=\"twitter:label1\" content=\"\u00c9crit par\" \/>\n\t<meta name=\"twitter:data1\" content=\"PSRomanel\" \/>\n<script type=\"application\/ld+json\" class=\"yoast-schema-graph\">{\"@context\":\"https:\/\/schema.org\",\"@graph\":[{\"@type\":\"WebSite\",\"@id\":\"https:\/\/ps-romanel.ch\/#website\",\"url\":\"https:\/\/ps-romanel.ch\/\",\"name\":\"Parti Socialiste de Romanel-sur-Lausanne et Cheseaux-sur-Lausanne\",\"description\":\"SOLIDAIRE, PROGRESSISTE ET DURABLE\",\"potentialAction\":[{\"@type\":\"SearchAction\",\"target\":{\"@type\":\"EntryPoint\",\"urlTemplate\":\"https:\/\/ps-romanel.ch\/?s={search_term_string}\"},\"query-input\":\"required name=search_term_string\"}],\"inLanguage\":\"fr-FR\"},{\"@type\":\"ImageObject\",\"inLanguage\":\"fr-FR\",\"@id\":\"https:\/\/ps-romanel.ch\/index.php\/2024\/08\/14\/samedi-24-aout-concert-et-pizza-avec-les-vert-e-s-du-nord-lausannois\/#primaryimage\",\"url\":\"https:\/\/ps-romanel.ch\/wp-content\/uploads\/2024\/08\/24_08.jpg\",\"contentUrl\":\"https:\/\/ps-romanel.ch\/wp-content\/uploads\/2024\/08\/24_08.jpg\",\"width\":1080,\"height\":1080},{\"@type\":\"WebPage\",\"@id\":\"https:\/\/ps-romanel.ch\/index.php\/2024\/08\/14\/samedi-24-aout-concert-et-pizza-avec-les-vert-e-s-du-nord-lausannois\/#webpage\",\"url\":\"https:\/\/ps-romanel.ch\/index.php\/2024\/08\/14\/samedi-24-aout-concert-et-pizza-avec-les-vert-e-s-du-nord-lausannois\/\",\"name\":\"Samedi 24 ao\u00fbt: Concert et Pizza avec les Vert.e.s du Nord lausannois! - Parti Socialiste de Romanel-sur-Lausanne et Cheseaux-sur-Lausanne\",\"isPartOf\":{\"@id\":\"https:\/\/ps-romanel.ch\/#website\"},\"primaryImageOfPage\":{\"@id\":\"https:\/\/ps-romanel.ch\/index.php\/2024\/08\/14\/samedi-24-aout-concert-et-pizza-avec-les-vert-e-s-du-nord-lausannois\/#primaryimage\"},\"datePublished\":\"2024-08-14T15:44:45+00:00\",\"dateModified\":\"2024-08-14T15:44:45+00:00\",\"author\":{\"@id\":\"https:\/\/ps-romanel.ch\/#\/schema\/person\/800d3c2d51cc07e55b52788709999b53\"},\"breadcrumb\":{\"@id\":\"https:\/\/ps-romanel.ch\/index.php\/2024\/08\/14\/samedi-24-aout-concert-et-pizza-avec-les-vert-e-s-du-nord-lausannois\/#breadcrumb\"},\"inLanguage\":\"fr-FR\",\"potentialAction\":[{\"@type\":\"ReadAction\",\"target\":[\"https:\/\/ps-romanel.ch\/index.php\/2024\/08\/14\/samedi-24-aout-concert-et-pizza-avec-les-vert-e-s-du-nord-lausannois\/\"]}]},{\"@type\":\"BreadcrumbList\",\"@id\":\"https:\/\/ps-romanel.ch\/index.php\/2024\/08\/14\/samedi-24-aout-concert-et-pizza-avec-les-vert-e-s-du-nord-lausannois\/#breadcrumb\",\"itemListElement\":[{\"@type\":\"ListItem\",\"position\":1,\"name\":\"Accueil\",\"item\":\"https:\/\/ps-romanel.ch\/\"},{\"@type\":\"ListItem\",\"position\":2,\"name\":\"Samedi 24 ao\u00fbt: Concert et Pizza avec les Vert.e.s du Nord lausannois!\"}]},{\"@type\":\"Person\",\"@id\":\"https:\/\/ps-romanel.ch\/#\/schema\/person\/800d3c2d51cc07e55b52788709999b53\",\"name\":\"PSRomanel\",\"url\":\"https:\/\/ps-romanel.ch\/index.php\/author\/psromanel\/\"}]}<\/script>\n<!-- \/ Yoast SEO plugin. -->","yoast_head_json":{"title":"Samedi 24 ao\u00fbt: Concert et Pizza avec les Vert.e.s du Nord lausannois! - Parti Socialiste de Romanel-sur-Lausanne et Cheseaux-sur-Lausanne","robots":{"index":"index","follow":"follow","max-snippet":"max-snippet:-1","max-image-preview":"max-image-preview:large","max-video-preview":"max-video-preview:-1"},"canonical":"https:\/\/ps-romanel.ch\/index.php\/2024\/08\/14\/samedi-24-aout-concert-et-pizza-avec-les-vert-e-s-du-nord-lausannois\/","og_locale":"fr_FR","og_type":"article","og_title":"Samedi 24 ao\u00fbt: Concert et Pizza avec les Vert.e.s du Nord lausannois! - Parti Socialiste de Romanel-sur-Lausanne et Cheseaux-sur-Lausanne","og_description":"Les Manouches du Lac sur sc\u00e8ne, soir\u00e9e jusqu'\u00e0 23h30!","og_url":"https:\/\/ps-romanel.ch\/index.php\/2024\/08\/14\/samedi-24-aout-concert-et-pizza-avec-les-vert-e-s-du-nord-lausannois\/","og_site_name":"Parti Socialiste de Romanel-sur-Lausanne et Cheseaux-sur-Lausanne","article_published_time":"2024-08-14T15:44:45+00:00","og_image":[{"width":1080,"height":1080,"url":"http:\/\/ps-romanel.ch\/wp-content\/uploads\/2024\/08\/24_08.jpg","type":"image\/jpeg"}],"twitter_card":"summary_large_image","twitter_misc":{"\u00c9crit par":"PSRomanel"},"schema":{"@context":"https:\/\/schema.org","@graph":[{"@type":"WebSite","@id":"https:\/\/ps-romanel.ch\/#website","url":"https:\/\/ps-romanel.ch\/","name":"Parti Socialiste de Romanel-sur-Lausanne et Cheseaux-sur-Lausanne","description":"SOLIDAIRE, PROGRESSISTE ET DURABLE","potentialAction":[{"@type":"SearchAction","target":{"@type":"EntryPoint","urlTemplate":"https:\/\/ps-romanel.ch\/?s={search_term_string}"},"query-input":"required name=search_term_string"}],"inLanguage":"fr-FR"},{"@type":"ImageObject","inLanguage":"fr-FR","@id":"https:\/\/ps-romanel.ch\/index.php\/2024\/08\/14\/samedi-24-aout-concert-et-pizza-avec-les-vert-e-s-du-nord-lausannois\/#primaryimage","url":"https:\/\/ps-romanel.ch\/wp-content\/uploads\/2024\/08\/24_08.jpg","contentUrl":"https:\/\/ps-romanel.ch\/wp-content\/uploads\/2024\/08\/24_08.jpg","width":1080,"height":1080},{"@type":"WebPage","@id":"https:\/\/ps-romanel.ch\/index.php\/2024\/08\/14\/samedi-24-aout-concert-et-pizza-avec-les-vert-e-s-du-nord-lausannois\/#webpage","url":"https:\/\/ps-romanel.ch\/index.php\/2024\/08\/14\/samedi-24-aout-concert-et-pizza-avec-les-vert-e-s-du-nord-lausannois\/","name":"Samedi 24 ao\u00fbt: Concert et Pizza avec les Vert.e.s du Nord lausannois! - Parti Socialiste de Romanel-sur-Lausanne et Cheseaux-sur-Lausanne","isPartOf":{"@id":"https:\/\/ps-romanel.ch\/#website"},"primaryImageOfPage":{"@id":"https:\/\/ps-romanel.ch\/index.php\/2024\/08\/14\/samedi-24-aout-concert-et-pizza-avec-les-vert-e-s-du-nord-lausannois\/#primaryimage"},"datePublished":"2024-08-14T15:44:45+00:00","dateModified":"2024-08-14T15:44:45+00:00","author":{"@id":"https:\/\/ps-romanel.ch\/#\/schema\/person\/800d3c2d51cc07e55b52788709999b53"},"breadcrumb":{"@id":"https:\/\/ps-romanel.ch\/index.php\/2024\/08\/14\/samedi-24-aout-concert-et-pizza-avec-les-vert-e-s-du-nord-lausannois\/#breadcrumb"},"inLanguage":"fr-FR","potentialAction":[{"@type":"ReadAction","target":["https:\/\/ps-romanel.ch\/index.php\/2024\/08\/14\/samedi-24-aout-concert-et-pizza-avec-les-vert-e-s-du-nord-lausannois\/"]}]},{"@type":"BreadcrumbList","@id":"https:\/\/ps-romanel.ch\/index.php\/2024\/08\/14\/samedi-24-aout-concert-et-pizza-avec-les-vert-e-s-du-nord-lausannois\/#breadcrumb","itemListElement":[{"@type":"ListItem","position":1,"name":"Accueil","item":"https:\/\/ps-romanel.ch\/"},{"@type":"ListItem","position":2,"name":"Samedi 24 ao\u00fbt: Concert et Pizza avec les Vert.e.s du Nord lausannois!"}]},{"@type":"Person","@id":"https:\/\/ps-romanel.ch\/#\/schema\/person\/800d3c2d51cc07e55b52788709999b53","name":"PSRomanel","url":"https:\/\/ps-romanel.ch\/index.php\/author\/psromanel\/"}]}},"_links":{"self":[{"href":"https:\/\/ps-romanel.ch\/index.php\/wp-json\/wp\/v2\/posts\/648","targetHints":{"allow":["GET"]}}],"collection":[{"href":"https:\/\/ps-romanel.ch\/index.php\/wp-json\/wp\/v2\/posts"}],"about":[{"href":"https:\/\/ps-romanel.ch\/index.php\/wp-json\/wp\/v2\/types\/post"}],"author":[{"embeddable":true,"href":"https:\/\/ps-romanel.ch\/index.php\/wp-json\/wp\/v2\/users\/3"}],"replies":[{"embeddable":true,"href":"https:\/\/ps-romanel.ch\/index.php\/wp-json\/wp\/v2\/comments?post=648"}],"version-history":[{"count":1,"href":"https:\/\/ps-romanel.ch\/index.php\/wp-json\/wp\/v2\/posts\/648\/revisions"}],"predecessor-version":[{"id":650,"href":"https:\/\/ps-romanel.ch\/index.php\/wp-json\/wp\/v2\/posts\/648\/revisions\/650"}],"wp:featuredmedia":[{"embeddable":true,"href":"https:\/\/ps-romanel.ch\/index.php\/wp-json\/wp\/v2\/media\/649"}],"wp:attachment":[{"href":"https:\/\/ps-romanel.ch\/index.php\/wp-json\/wp\/v2\/media?parent=648"}],"wp:term":[{"taxonomy":"category","embeddable":true,"href":"https:\/\/ps-romanel.ch\/index.php\/wp-json\/wp\/v2\/categories?post=648"},{"taxonomy":"post_tag","embeddable":true,"href":"https:\/\/ps-romanel.ch\/index.php\/wp-json\/wp\/v2\/tags?post=648"}],"curies":[{"name":"wp","href":"https:\/\/api.w.org\/{rel}","templated":true}]}}