{"id":651,"date":"2024-08-14T16:46:26","date_gmt":"2024-08-14T15:46:26","guid":{"rendered":"https:\/\/ps-romanel.ch\/?p=651"},"modified":"2024-08-14T16:46:26","modified_gmt":"2024-08-14T15:46:26","slug":"echanges-avec-jessica-jaccoud-conseillere-nationale-a-la-salle-du-conseil-a-romanel-sur-lausanne","status":"publish","type":"post","link":"https:\/\/ps-romanel.ch\/index.php\/2024\/08\/14\/echanges-avec-jessica-jaccoud-conseillere-nationale-a-la-salle-du-conseil-a-romanel-sur-lausanne\/","title":{"rendered":"\u00c9changes avec Jessica Jaccoud, Conseill\u00e8re Nationale, \u00e0 la salle du Conseil \u00e0 Romanel-sur-Lausanne!"},"content":{"rendered":"\n<figure class=\"wp-block-image size-full\"><img loading=\"lazy\" decoding=\"async\" width=\"526\" height=\"526\" src=\"https:\/\/ps-romanel.ch\/wp-content\/uploads\/2024\/08\/22_09.jpg\" alt=\"\" class=\"wp-image-652\" srcset=\"https:\/\/ps-romanel.ch\/wp-content\/uploads\/2024\/08\/22_09.jpg 526w, https:\/\/ps-romanel.ch\/wp-content\/uploads\/2024\/08\/22_09-300x300.jpg 300w, https:\/\/ps-romanel.ch\/wp-content\/uploads\/2024\/08\/22_09-150x150.jpg 150w, https:\/\/ps-romanel.ch\/wp-content\/uploads\/2024\/08\/22_09-250x250.jpg 250w, https:\/\/ps-romanel.ch\/wp-content\/uploads\/2024\/08\/22_09-174x174.jpg 174w\" sizes=\"auto, (max-width: 526px) 100vw, 526px\" \/><\/figure>\n","protected":false},"excerpt":{"rendered":"<p>R\u00e9forme LPP: Payer plus pour toucher moins de rentre?<\/p>\n","protected":false},"author":3,"featured_media":652,"comment_status":"open","ping_status":"open","sticky":false,"template":"","format":"standard","meta":{"footnotes":""},"categories":[1],"tags":[],"class_list":["post-651","post","type-post","status-publish","format-standard","has-post-thumbnail","hentry","category-non-classe"],"yoast_head":"<!-- This site is optimized with the Yoast SEO plugin v18.7 - https:\/\/yoast.com\/wordpress\/plugins\/seo\/ -->\n<title>\u00c9changes avec Jessica Jaccoud, Conseill\u00e8re Nationale, \u00e0 la salle du Conseil \u00e0 Romanel-sur-Lausanne! - Parti Socialiste de Romanel-sur-Lausanne et Cheseaux-sur-Lausanne<\/title>\n<meta name=\"robots\" content=\"index, follow, max-snippet:-1, max-image-preview:large, max-video-preview:-1\" \/>\n<link rel=\"canonical\" href=\"https:\/\/ps-romanel.ch\/index.php\/2024\/08\/14\/echanges-avec-jessica-jaccoud-conseillere-nationale-a-la-salle-du-conseil-a-romanel-sur-lausanne\/\" \/>\n<meta property=\"og:locale\" content=\"fr_FR\" \/>\n<meta property=\"og:type\" content=\"article\" \/>\n<meta property=\"og:title\" content=\"\u00c9changes avec Jessica Jaccoud, Conseill\u00e8re Nationale, \u00e0 la salle du Conseil \u00e0 Romanel-sur-Lausanne! - Parti Socialiste de Romanel-sur-Lausanne et Cheseaux-sur-Lausanne\" \/>\n<meta property=\"og:description\" content=\"R\u00e9forme LPP: Payer plus pour toucher moins de rentre?\" \/>\n<meta property=\"og:url\" content=\"https:\/\/ps-romanel.ch\/index.php\/2024\/08\/14\/echanges-avec-jessica-jaccoud-conseillere-nationale-a-la-salle-du-conseil-a-romanel-sur-lausanne\/\" \/>\n<meta property=\"og:site_name\" content=\"Parti Socialiste de Romanel-sur-Lausanne et Cheseaux-sur-Lausanne\" \/>\n<meta property=\"article:published_time\" content=\"2024-08-14T15:46:26+00:00\" \/>\n<meta property=\"og:image\" content=\"http:\/\/ps-romanel.ch\/wp-content\/uploads\/2024\/08\/22_09.jpg\" \/>\n\t<meta property=\"og:image:width\" content=\"526\" \/>\n\t<meta property=\"og:image:height\" content=\"526\" \/>\n\t<meta property=\"og:image:type\" content=\"image\/jpeg\" \/>\n<meta name=\"twitter:card\" content=\"summary_large_image\" \/>\n<meta name=\"twitter:label1\" content=\"\u00c9crit par\" \/>\n\t<meta name=\"twitter:data1\" content=\"PSRomanel\" \/>\n<script type=\"application\/ld+json\" class=\"yoast-schema-graph\">{\"@context\":\"https:\/\/schema.org\",\"@graph\":[{\"@type\":\"WebSite\",\"@id\":\"https:\/\/ps-romanel.ch\/#website\",\"url\":\"https:\/\/ps-romanel.ch\/\",\"name\":\"Parti Socialiste de Romanel-sur-Lausanne et Cheseaux-sur-Lausanne\",\"description\":\"SOLIDAIRE, PROGRESSISTE ET DURABLE\",\"potentialAction\":[{\"@type\":\"SearchAction\",\"target\":{\"@type\":\"EntryPoint\",\"urlTemplate\":\"https:\/\/ps-romanel.ch\/?s={search_term_string}\"},\"query-input\":\"required name=search_term_string\"}],\"inLanguage\":\"fr-FR\"},{\"@type\":\"ImageObject\",\"inLanguage\":\"fr-FR\",\"@id\":\"https:\/\/ps-romanel.ch\/index.php\/2024\/08\/14\/echanges-avec-jessica-jaccoud-conseillere-nationale-a-la-salle-du-conseil-a-romanel-sur-lausanne\/#primaryimage\",\"url\":\"https:\/\/ps-romanel.ch\/wp-content\/uploads\/2024\/08\/22_09.jpg\",\"contentUrl\":\"https:\/\/ps-romanel.ch\/wp-content\/uploads\/2024\/08\/22_09.jpg\",\"width\":526,\"height\":526},{\"@type\":\"WebPage\",\"@id\":\"https:\/\/ps-romanel.ch\/index.php\/2024\/08\/14\/echanges-avec-jessica-jaccoud-conseillere-nationale-a-la-salle-du-conseil-a-romanel-sur-lausanne\/#webpage\",\"url\":\"https:\/\/ps-romanel.ch\/index.php\/2024\/08\/14\/echanges-avec-jessica-jaccoud-conseillere-nationale-a-la-salle-du-conseil-a-romanel-sur-lausanne\/\",\"name\":\"\u00c9changes avec Jessica Jaccoud, Conseill\u00e8re Nationale, \u00e0 la salle du Conseil \u00e0 Romanel-sur-Lausanne! - Parti Socialiste de Romanel-sur-Lausanne et Cheseaux-sur-Lausanne\",\"isPartOf\":{\"@id\":\"https:\/\/ps-romanel.ch\/#website\"},\"primaryImageOfPage\":{\"@id\":\"https:\/\/ps-romanel.ch\/index.php\/2024\/08\/14\/echanges-avec-jessica-jaccoud-conseillere-nationale-a-la-salle-du-conseil-a-romanel-sur-lausanne\/#primaryimage\"},\"datePublished\":\"2024-08-14T15:46:26+00:00\",\"dateModified\":\"2024-08-14T15:46:26+00:00\",\"author\":{\"@id\":\"https:\/\/ps-romanel.ch\/#\/schema\/person\/800d3c2d51cc07e55b52788709999b53\"},\"breadcrumb\":{\"@id\":\"https:\/\/ps-romanel.ch\/index.php\/2024\/08\/14\/echanges-avec-jessica-jaccoud-conseillere-nationale-a-la-salle-du-conseil-a-romanel-sur-lausanne\/#breadcrumb\"},\"inLanguage\":\"fr-FR\",\"potentialAction\":[{\"@type\":\"ReadAction\",\"target\":[\"https:\/\/ps-romanel.ch\/index.php\/2024\/08\/14\/echanges-avec-jessica-jaccoud-conseillere-nationale-a-la-salle-du-conseil-a-romanel-sur-lausanne\/\"]}]},{\"@type\":\"BreadcrumbList\",\"@id\":\"https:\/\/ps-romanel.ch\/index.php\/2024\/08\/14\/echanges-avec-jessica-jaccoud-conseillere-nationale-a-la-salle-du-conseil-a-romanel-sur-lausanne\/#breadcrumb\",\"itemListElement\":[{\"@type\":\"ListItem\",\"position\":1,\"name\":\"Accueil\",\"item\":\"https:\/\/ps-romanel.ch\/\"},{\"@type\":\"ListItem\",\"position\":2,\"name\":\"\u00c9changes avec Jessica Jaccoud, Conseill\u00e8re Nationale, \u00e0 la salle du Conseil \u00e0 Romanel-sur-Lausanne!\"}]},{\"@type\":\"Person\",\"@id\":\"https:\/\/ps-romanel.ch\/#\/schema\/person\/800d3c2d51cc07e55b52788709999b53\",\"name\":\"PSRomanel\",\"url\":\"https:\/\/ps-romanel.ch\/index.php\/author\/psromanel\/\"}]}<\/script>\n<!-- \/ Yoast SEO plugin. -->","yoast_head_json":{"title":"\u00c9changes avec Jessica Jaccoud, Conseill\u00e8re Nationale, \u00e0 la salle du Conseil \u00e0 Romanel-sur-Lausanne! - Parti Socialiste de Romanel-sur-Lausanne et Cheseaux-sur-Lausanne","robots":{"index":"index","follow":"follow","max-snippet":"max-snippet:-1","max-image-preview":"max-image-preview:large","max-video-preview":"max-video-preview:-1"},"canonical":"https:\/\/ps-romanel.ch\/index.php\/2024\/08\/14\/echanges-avec-jessica-jaccoud-conseillere-nationale-a-la-salle-du-conseil-a-romanel-sur-lausanne\/","og_locale":"fr_FR","og_type":"article","og_title":"\u00c9changes avec Jessica Jaccoud, Conseill\u00e8re Nationale, \u00e0 la salle du Conseil \u00e0 Romanel-sur-Lausanne! - Parti Socialiste de Romanel-sur-Lausanne et Cheseaux-sur-Lausanne","og_description":"R\u00e9forme LPP: Payer plus pour toucher moins de rentre?","og_url":"https:\/\/ps-romanel.ch\/index.php\/2024\/08\/14\/echanges-avec-jessica-jaccoud-conseillere-nationale-a-la-salle-du-conseil-a-romanel-sur-lausanne\/","og_site_name":"Parti Socialiste de Romanel-sur-Lausanne et Cheseaux-sur-Lausanne","article_published_time":"2024-08-14T15:46:26+00:00","og_image":[{"width":526,"height":526,"url":"http:\/\/ps-romanel.ch\/wp-content\/uploads\/2024\/08\/22_09.jpg","type":"image\/jpeg"}],"twitter_card":"summary_large_image","twitter_misc":{"\u00c9crit par":"PSRomanel"},"schema":{"@context":"https:\/\/schema.org","@graph":[{"@type":"WebSite","@id":"https:\/\/ps-romanel.ch\/#website","url":"https:\/\/ps-romanel.ch\/","name":"Parti Socialiste de Romanel-sur-Lausanne et Cheseaux-sur-Lausanne","description":"SOLIDAIRE, PROGRESSISTE ET DURABLE","potentialAction":[{"@type":"SearchAction","target":{"@type":"EntryPoint","urlTemplate":"https:\/\/ps-romanel.ch\/?s={search_term_string}"},"query-input":"required name=search_term_string"}],"inLanguage":"fr-FR"},{"@type":"ImageObject","inLanguage":"fr-FR","@id":"https:\/\/ps-romanel.ch\/index.php\/2024\/08\/14\/echanges-avec-jessica-jaccoud-conseillere-nationale-a-la-salle-du-conseil-a-romanel-sur-lausanne\/#primaryimage","url":"https:\/\/ps-romanel.ch\/wp-content\/uploads\/2024\/08\/22_09.jpg","contentUrl":"https:\/\/ps-romanel.ch\/wp-content\/uploads\/2024\/08\/22_09.jpg","width":526,"height":526},{"@type":"WebPage","@id":"https:\/\/ps-romanel.ch\/index.php\/2024\/08\/14\/echanges-avec-jessica-jaccoud-conseillere-nationale-a-la-salle-du-conseil-a-romanel-sur-lausanne\/#webpage","url":"https:\/\/ps-romanel.ch\/index.php\/2024\/08\/14\/echanges-avec-jessica-jaccoud-conseillere-nationale-a-la-salle-du-conseil-a-romanel-sur-lausanne\/","name":"\u00c9changes avec Jessica Jaccoud, Conseill\u00e8re Nationale, \u00e0 la salle du Conseil \u00e0 Romanel-sur-Lausanne! - Parti Socialiste de Romanel-sur-Lausanne et Cheseaux-sur-Lausanne","isPartOf":{"@id":"https:\/\/ps-romanel.ch\/#website"},"primaryImageOfPage":{"@id":"https:\/\/ps-romanel.ch\/index.php\/2024\/08\/14\/echanges-avec-jessica-jaccoud-conseillere-nationale-a-la-salle-du-conseil-a-romanel-sur-lausanne\/#primaryimage"},"datePublished":"2024-08-14T15:46:26+00:00","dateModified":"2024-08-14T15:46:26+00:00","author":{"@id":"https:\/\/ps-romanel.ch\/#\/schema\/person\/800d3c2d51cc07e55b52788709999b53"},"breadcrumb":{"@id":"https:\/\/ps-romanel.ch\/index.php\/2024\/08\/14\/echanges-avec-jessica-jaccoud-conseillere-nationale-a-la-salle-du-conseil-a-romanel-sur-lausanne\/#breadcrumb"},"inLanguage":"fr-FR","potentialAction":[{"@type":"ReadAction","target":["https:\/\/ps-romanel.ch\/index.php\/2024\/08\/14\/echanges-avec-jessica-jaccoud-conseillere-nationale-a-la-salle-du-conseil-a-romanel-sur-lausanne\/"]}]},{"@type":"BreadcrumbList","@id":"https:\/\/ps-romanel.ch\/index.php\/2024\/08\/14\/echanges-avec-jessica-jaccoud-conseillere-nationale-a-la-salle-du-conseil-a-romanel-sur-lausanne\/#breadcrumb","itemListElement":[{"@type":"ListItem","position":1,"name":"Accueil","item":"https:\/\/ps-romanel.ch\/"},{"@type":"ListItem","position":2,"name":"\u00c9changes avec Jessica Jaccoud, Conseill\u00e8re Nationale, \u00e0 la salle du Conseil \u00e0 Romanel-sur-Lausanne!"}]},{"@type":"Person","@id":"https:\/\/ps-romanel.ch\/#\/schema\/person\/800d3c2d51cc07e55b52788709999b53","name":"PSRomanel","url":"https:\/\/ps-romanel.ch\/index.php\/author\/psromanel\/"}]}},"_links":{"self":[{"href":"https:\/\/ps-romanel.ch\/index.php\/wp-json\/wp\/v2\/posts\/651","targetHints":{"allow":["GET"]}}],"collection":[{"href":"https:\/\/ps-romanel.ch\/index.php\/wp-json\/wp\/v2\/posts"}],"about":[{"href":"https:\/\/ps-romanel.ch\/index.php\/wp-json\/wp\/v2\/types\/post"}],"author":[{"embeddable":true,"href":"https:\/\/ps-romanel.ch\/index.php\/wp-json\/wp\/v2\/users\/3"}],"replies":[{"embeddable":true,"href":"https:\/\/ps-romanel.ch\/index.php\/wp-json\/wp\/v2\/comments?post=651"}],"version-history":[{"count":1,"href":"https:\/\/ps-romanel.ch\/index.php\/wp-json\/wp\/v2\/posts\/651\/revisions"}],"predecessor-version":[{"id":653,"href":"https:\/\/ps-romanel.ch\/index.php\/wp-json\/wp\/v2\/posts\/651\/revisions\/653"}],"wp:featuredmedia":[{"embeddable":true,"href":"https:\/\/ps-romanel.ch\/index.php\/wp-json\/wp\/v2\/media\/652"}],"wp:attachment":[{"href":"https:\/\/ps-romanel.ch\/index.php\/wp-json\/wp\/v2\/media?parent=651"}],"wp:term":[{"taxonomy":"category","embeddable":true,"href":"https:\/\/ps-romanel.ch\/index.php\/wp-json\/wp\/v2\/categories?post=651"},{"taxonomy":"post_tag","embeddable":true,"href":"https:\/\/ps-romanel.ch\/index.php\/wp-json\/wp\/v2\/tags?post=651"}],"curies":[{"name":"wp","href":"https:\/\/api.w.org\/{rel}","templated":true}]}}