{"id":721,"date":"2025-08-29T13:59:13","date_gmt":"2025-08-29T12:59:13","guid":{"rendered":"https:\/\/ps-romanel.ch\/?p=721"},"modified":"2025-08-29T14:00:16","modified_gmt":"2025-08-29T13:00:16","slug":"romanel-plage-le-12-septembre-concert-des-csirke-manouche-et-menu-poulet-roti","status":"publish","type":"post","link":"https:\/\/ps-romanel.ch\/index.php\/2025\/08\/29\/romanel-plage-le-12-septembre-concert-des-csirke-manouche-et-menu-poulet-roti\/","title":{"rendered":"Romanel Plage le 12 septembre, concert des CSiRkE Manouche et menu poulet r\u00f4ti!"},"content":{"rendered":"\n<p>Venez passer un moment culturel et gourmand dans notre superbe parc le 12 septembre prochain, d\u00e8s 18h30.<\/p>\n\n\n\n<p>Musique d\u00e8s 19h30, restauration chaude de 19h \u00e0 21h, bar de 18h30 \u00e0 23h30.<\/p>\n\n\n\n<p>Quatuor de jazz manouche, dont notre ami Daniel Sp\u00f6rri \u00e0 la basse, de mani\u00e8re intermittente de 19h30 jusqu&rsquo;\u00e0 la fin. Au chapeau !<\/p>\n\n\n\n<p>Poulet grill\u00e9, patates r\u00f4ties et buffet de salade de 19h \u00e0 21h. Venez f\u00eater la fin de l&rsquo;\u00e9t\u00e9 avec nous!<\/p>\n\n\n\n<figure class=\"wp-block-image size-large\"><img loading=\"lazy\" decoding=\"async\" width=\"722\" height=\"1024\" src=\"https:\/\/ps-romanel.ch\/wp-content\/uploads\/2025\/08\/Affiche-12-septembre-2025-PS-jazz-poulet-722x1024.png\" alt=\"\" class=\"wp-image-722\" srcset=\"https:\/\/ps-romanel.ch\/wp-content\/uploads\/2025\/08\/Affiche-12-septembre-2025-PS-jazz-poulet-722x1024.png 722w, https:\/\/ps-romanel.ch\/wp-content\/uploads\/2025\/08\/Affiche-12-septembre-2025-PS-jazz-poulet-211x300.png 211w, https:\/\/ps-romanel.ch\/wp-content\/uploads\/2025\/08\/Affiche-12-septembre-2025-PS-jazz-poulet-768x1090.png 768w, https:\/\/ps-romanel.ch\/wp-content\/uploads\/2025\/08\/Affiche-12-septembre-2025-PS-jazz-poulet-1082x1536.png 1082w, https:\/\/ps-romanel.ch\/wp-content\/uploads\/2025\/08\/Affiche-12-septembre-2025-PS-jazz-poulet.png 1370w\" sizes=\"auto, (max-width: 722px) 100vw, 722px\" \/><\/figure>\n","protected":false},"excerpt":{"rendered":"<p>Quatuor de jazz manouche, dont notre ami Daniel Sp\u00f6rri \u00e0 la basse.<\/p>\n","protected":false},"author":3,"featured_media":722,"comment_status":"open","ping_status":"open","sticky":false,"template":"","format":"standard","meta":{"footnotes":""},"categories":[1],"tags":[],"class_list":["post-721","post","type-post","status-publish","format-standard","has-post-thumbnail","hentry","category-non-classe"],"yoast_head":"<!-- This site is optimized with the Yoast SEO plugin v18.7 - https:\/\/yoast.com\/wordpress\/plugins\/seo\/ -->\n<title>Romanel Plage le 12 septembre, concert des CSiRkE Manouche et menu poulet r\u00f4ti! - Parti Socialiste de Romanel-sur-Lausanne et Cheseaux-sur-Lausanne<\/title>\n<meta name=\"robots\" content=\"index, follow, max-snippet:-1, max-image-preview:large, max-video-preview:-1\" \/>\n<link rel=\"canonical\" href=\"https:\/\/ps-romanel.ch\/index.php\/2025\/08\/29\/romanel-plage-le-12-septembre-concert-des-csirke-manouche-et-menu-poulet-roti\/\" \/>\n<meta property=\"og:locale\" content=\"fr_FR\" \/>\n<meta property=\"og:type\" content=\"article\" \/>\n<meta property=\"og:title\" content=\"Romanel Plage le 12 septembre, concert des CSiRkE Manouche et menu poulet r\u00f4ti! - Parti Socialiste de Romanel-sur-Lausanne et Cheseaux-sur-Lausanne\" \/>\n<meta property=\"og:description\" content=\"Quatuor de jazz manouche, dont notre ami Daniel Sp\u00f6rri \u00e0 la basse.\" \/>\n<meta property=\"og:url\" content=\"https:\/\/ps-romanel.ch\/index.php\/2025\/08\/29\/romanel-plage-le-12-septembre-concert-des-csirke-manouche-et-menu-poulet-roti\/\" \/>\n<meta property=\"og:site_name\" content=\"Parti Socialiste de Romanel-sur-Lausanne et Cheseaux-sur-Lausanne\" \/>\n<meta property=\"article:published_time\" content=\"2025-08-29T12:59:13+00:00\" \/>\n<meta property=\"article:modified_time\" content=\"2025-08-29T13:00:16+00:00\" \/>\n<meta property=\"og:image\" content=\"http:\/\/ps-romanel.ch\/wp-content\/uploads\/2025\/08\/Affiche-12-septembre-2025-PS-jazz-poulet-722x1024.png\" \/>\n\t<meta property=\"og:image:width\" content=\"722\" \/>\n\t<meta property=\"og:image:height\" content=\"1024\" \/>\n\t<meta property=\"og:image:type\" content=\"image\/png\" \/>\n<meta name=\"twitter:card\" content=\"summary_large_image\" \/>\n<meta name=\"twitter:label1\" content=\"\u00c9crit par\" \/>\n\t<meta name=\"twitter:data1\" content=\"PSRomanel\" \/>\n<script type=\"application\/ld+json\" class=\"yoast-schema-graph\">{\"@context\":\"https:\/\/schema.org\",\"@graph\":[{\"@type\":\"WebSite\",\"@id\":\"https:\/\/ps-romanel.ch\/#website\",\"url\":\"https:\/\/ps-romanel.ch\/\",\"name\":\"Parti Socialiste de Romanel-sur-Lausanne et Cheseaux-sur-Lausanne\",\"description\":\"SOLIDAIRE, PROGRESSISTE ET DURABLE\",\"potentialAction\":[{\"@type\":\"SearchAction\",\"target\":{\"@type\":\"EntryPoint\",\"urlTemplate\":\"https:\/\/ps-romanel.ch\/?s={search_term_string}\"},\"query-input\":\"required name=search_term_string\"}],\"inLanguage\":\"fr-FR\"},{\"@type\":\"ImageObject\",\"inLanguage\":\"fr-FR\",\"@id\":\"https:\/\/ps-romanel.ch\/index.php\/2025\/08\/29\/romanel-plage-le-12-septembre-concert-des-csirke-manouche-et-menu-poulet-roti\/#primaryimage\",\"url\":\"https:\/\/ps-romanel.ch\/wp-content\/uploads\/2025\/08\/Affiche-12-septembre-2025-PS-jazz-poulet.png\",\"contentUrl\":\"https:\/\/ps-romanel.ch\/wp-content\/uploads\/2025\/08\/Affiche-12-septembre-2025-PS-jazz-poulet.png\",\"width\":1370,\"height\":1944},{\"@type\":\"WebPage\",\"@id\":\"https:\/\/ps-romanel.ch\/index.php\/2025\/08\/29\/romanel-plage-le-12-septembre-concert-des-csirke-manouche-et-menu-poulet-roti\/#webpage\",\"url\":\"https:\/\/ps-romanel.ch\/index.php\/2025\/08\/29\/romanel-plage-le-12-septembre-concert-des-csirke-manouche-et-menu-poulet-roti\/\",\"name\":\"Romanel Plage le 12 septembre, concert des CSiRkE Manouche et menu poulet r\u00f4ti! - Parti Socialiste de Romanel-sur-Lausanne et Cheseaux-sur-Lausanne\",\"isPartOf\":{\"@id\":\"https:\/\/ps-romanel.ch\/#website\"},\"primaryImageOfPage\":{\"@id\":\"https:\/\/ps-romanel.ch\/index.php\/2025\/08\/29\/romanel-plage-le-12-septembre-concert-des-csirke-manouche-et-menu-poulet-roti\/#primaryimage\"},\"datePublished\":\"2025-08-29T12:59:13+00:00\",\"dateModified\":\"2025-08-29T13:00:16+00:00\",\"author\":{\"@id\":\"https:\/\/ps-romanel.ch\/#\/schema\/person\/800d3c2d51cc07e55b52788709999b53\"},\"breadcrumb\":{\"@id\":\"https:\/\/ps-romanel.ch\/index.php\/2025\/08\/29\/romanel-plage-le-12-septembre-concert-des-csirke-manouche-et-menu-poulet-roti\/#breadcrumb\"},\"inLanguage\":\"fr-FR\",\"potentialAction\":[{\"@type\":\"ReadAction\",\"target\":[\"https:\/\/ps-romanel.ch\/index.php\/2025\/08\/29\/romanel-plage-le-12-septembre-concert-des-csirke-manouche-et-menu-poulet-roti\/\"]}]},{\"@type\":\"BreadcrumbList\",\"@id\":\"https:\/\/ps-romanel.ch\/index.php\/2025\/08\/29\/romanel-plage-le-12-septembre-concert-des-csirke-manouche-et-menu-poulet-roti\/#breadcrumb\",\"itemListElement\":[{\"@type\":\"ListItem\",\"position\":1,\"name\":\"Accueil\",\"item\":\"https:\/\/ps-romanel.ch\/\"},{\"@type\":\"ListItem\",\"position\":2,\"name\":\"Romanel Plage le 12 septembre, concert des CSiRkE Manouche et menu poulet r\u00f4ti!\"}]},{\"@type\":\"Person\",\"@id\":\"https:\/\/ps-romanel.ch\/#\/schema\/person\/800d3c2d51cc07e55b52788709999b53\",\"name\":\"PSRomanel\",\"url\":\"https:\/\/ps-romanel.ch\/index.php\/author\/psromanel\/\"}]}<\/script>\n<!-- \/ Yoast SEO plugin. -->","yoast_head_json":{"title":"Romanel Plage le 12 septembre, concert des CSiRkE Manouche et menu poulet r\u00f4ti! - Parti Socialiste de Romanel-sur-Lausanne et Cheseaux-sur-Lausanne","robots":{"index":"index","follow":"follow","max-snippet":"max-snippet:-1","max-image-preview":"max-image-preview:large","max-video-preview":"max-video-preview:-1"},"canonical":"https:\/\/ps-romanel.ch\/index.php\/2025\/08\/29\/romanel-plage-le-12-septembre-concert-des-csirke-manouche-et-menu-poulet-roti\/","og_locale":"fr_FR","og_type":"article","og_title":"Romanel Plage le 12 septembre, concert des CSiRkE Manouche et menu poulet r\u00f4ti! - Parti Socialiste de Romanel-sur-Lausanne et Cheseaux-sur-Lausanne","og_description":"Quatuor de jazz manouche, dont notre ami Daniel Sp\u00f6rri \u00e0 la basse.","og_url":"https:\/\/ps-romanel.ch\/index.php\/2025\/08\/29\/romanel-plage-le-12-septembre-concert-des-csirke-manouche-et-menu-poulet-roti\/","og_site_name":"Parti Socialiste de Romanel-sur-Lausanne et Cheseaux-sur-Lausanne","article_published_time":"2025-08-29T12:59:13+00:00","article_modified_time":"2025-08-29T13:00:16+00:00","og_image":[{"width":722,"height":1024,"url":"http:\/\/ps-romanel.ch\/wp-content\/uploads\/2025\/08\/Affiche-12-septembre-2025-PS-jazz-poulet-722x1024.png","type":"image\/png"}],"twitter_card":"summary_large_image","twitter_misc":{"\u00c9crit par":"PSRomanel"},"schema":{"@context":"https:\/\/schema.org","@graph":[{"@type":"WebSite","@id":"https:\/\/ps-romanel.ch\/#website","url":"https:\/\/ps-romanel.ch\/","name":"Parti Socialiste de Romanel-sur-Lausanne et Cheseaux-sur-Lausanne","description":"SOLIDAIRE, PROGRESSISTE ET DURABLE","potentialAction":[{"@type":"SearchAction","target":{"@type":"EntryPoint","urlTemplate":"https:\/\/ps-romanel.ch\/?s={search_term_string}"},"query-input":"required name=search_term_string"}],"inLanguage":"fr-FR"},{"@type":"ImageObject","inLanguage":"fr-FR","@id":"https:\/\/ps-romanel.ch\/index.php\/2025\/08\/29\/romanel-plage-le-12-septembre-concert-des-csirke-manouche-et-menu-poulet-roti\/#primaryimage","url":"https:\/\/ps-romanel.ch\/wp-content\/uploads\/2025\/08\/Affiche-12-septembre-2025-PS-jazz-poulet.png","contentUrl":"https:\/\/ps-romanel.ch\/wp-content\/uploads\/2025\/08\/Affiche-12-septembre-2025-PS-jazz-poulet.png","width":1370,"height":1944},{"@type":"WebPage","@id":"https:\/\/ps-romanel.ch\/index.php\/2025\/08\/29\/romanel-plage-le-12-septembre-concert-des-csirke-manouche-et-menu-poulet-roti\/#webpage","url":"https:\/\/ps-romanel.ch\/index.php\/2025\/08\/29\/romanel-plage-le-12-septembre-concert-des-csirke-manouche-et-menu-poulet-roti\/","name":"Romanel Plage le 12 septembre, concert des CSiRkE Manouche et menu poulet r\u00f4ti! - Parti Socialiste de Romanel-sur-Lausanne et Cheseaux-sur-Lausanne","isPartOf":{"@id":"https:\/\/ps-romanel.ch\/#website"},"primaryImageOfPage":{"@id":"https:\/\/ps-romanel.ch\/index.php\/2025\/08\/29\/romanel-plage-le-12-septembre-concert-des-csirke-manouche-et-menu-poulet-roti\/#primaryimage"},"datePublished":"2025-08-29T12:59:13+00:00","dateModified":"2025-08-29T13:00:16+00:00","author":{"@id":"https:\/\/ps-romanel.ch\/#\/schema\/person\/800d3c2d51cc07e55b52788709999b53"},"breadcrumb":{"@id":"https:\/\/ps-romanel.ch\/index.php\/2025\/08\/29\/romanel-plage-le-12-septembre-concert-des-csirke-manouche-et-menu-poulet-roti\/#breadcrumb"},"inLanguage":"fr-FR","potentialAction":[{"@type":"ReadAction","target":["https:\/\/ps-romanel.ch\/index.php\/2025\/08\/29\/romanel-plage-le-12-septembre-concert-des-csirke-manouche-et-menu-poulet-roti\/"]}]},{"@type":"BreadcrumbList","@id":"https:\/\/ps-romanel.ch\/index.php\/2025\/08\/29\/romanel-plage-le-12-septembre-concert-des-csirke-manouche-et-menu-poulet-roti\/#breadcrumb","itemListElement":[{"@type":"ListItem","position":1,"name":"Accueil","item":"https:\/\/ps-romanel.ch\/"},{"@type":"ListItem","position":2,"name":"Romanel Plage le 12 septembre, concert des CSiRkE Manouche et menu poulet r\u00f4ti!"}]},{"@type":"Person","@id":"https:\/\/ps-romanel.ch\/#\/schema\/person\/800d3c2d51cc07e55b52788709999b53","name":"PSRomanel","url":"https:\/\/ps-romanel.ch\/index.php\/author\/psromanel\/"}]}},"_links":{"self":[{"href":"https:\/\/ps-romanel.ch\/index.php\/wp-json\/wp\/v2\/posts\/721","targetHints":{"allow":["GET"]}}],"collection":[{"href":"https:\/\/ps-romanel.ch\/index.php\/wp-json\/wp\/v2\/posts"}],"about":[{"href":"https:\/\/ps-romanel.ch\/index.php\/wp-json\/wp\/v2\/types\/post"}],"author":[{"embeddable":true,"href":"https:\/\/ps-romanel.ch\/index.php\/wp-json\/wp\/v2\/users\/3"}],"replies":[{"embeddable":true,"href":"https:\/\/ps-romanel.ch\/index.php\/wp-json\/wp\/v2\/comments?post=721"}],"version-history":[{"count":2,"href":"https:\/\/ps-romanel.ch\/index.php\/wp-json\/wp\/v2\/posts\/721\/revisions"}],"predecessor-version":[{"id":724,"href":"https:\/\/ps-romanel.ch\/index.php\/wp-json\/wp\/v2\/posts\/721\/revisions\/724"}],"wp:featuredmedia":[{"embeddable":true,"href":"https:\/\/ps-romanel.ch\/index.php\/wp-json\/wp\/v2\/media\/722"}],"wp:attachment":[{"href":"https:\/\/ps-romanel.ch\/index.php\/wp-json\/wp\/v2\/media?parent=721"}],"wp:term":[{"taxonomy":"category","embeddable":true,"href":"https:\/\/ps-romanel.ch\/index.php\/wp-json\/wp\/v2\/categories?post=721"},{"taxonomy":"post_tag","embeddable":true,"href":"https:\/\/ps-romanel.ch\/index.php\/wp-json\/wp\/v2\/tags?post=721"}],"curies":[{"name":"wp","href":"https:\/\/api.w.org\/{rel}","templated":true}]}}